{"id":26334,"date":"2025-10-21T19:20:51","date_gmt":"2025-10-22T01:20:51","guid":{"rendered":"https:\/\/zonalimitrofe-cbnr.com\/?p=26334"},"modified":"2025-10-21T19:20:51","modified_gmt":"2025-10-22T01:20:51","slug":"lerdo-inicia-campana-de-registro-de-nacimiento-y-extemporaneos-en-el-dif-lerdo","status":"publish","type":"post","link":"https:\/\/zonalimitrofe-cbnr.com\/index.php\/2025\/10\/21\/lerdo-inicia-campana-de-registro-de-nacimiento-y-extemporaneos-en-el-dif-lerdo\/","title":{"rendered":"#Lerdo. INICIA CAMPA\u00d1A DE REGISTRO DE NACIMIENTO Y EXTEMPOR\u00c1NEOS EN EL DIF LERDO*"},"content":{"rendered":"\n<p>&#8211; Del 20 al 25 de octubre; el tr\u00e1mite ser\u00e1 gratuito<\/p>\n\n\n\n<p>Lerdo, 21 de octubre 2025.- El Municipio de Lerdo se suma a la campa\u00f1a estatal de registros de nacimiento y extempor\u00e1neos, con el prop\u00f3sito de reducir el rezago de personas sin identidad legal y garantizar su derecho a la documentaci\u00f3n oficial.<\/p>\n\n\n\n<p>El arranque de esta jornada se llev\u00f3 a cabo a trav\u00e9s del Registro Civil No. 01 de la ciudad, en coordinaci\u00f3n con el Sistema DIF Lerdo, donde se atender\u00e1n los tr\u00e1mites de registro de nacimiento, registro extempor\u00e1neo y doble nacionalidad, totalmente gratuitos, del 20 al 25 de octubre en un horario de 8:00 de la ma\u00f1ana a 4:00 de la tarde.<\/p>\n\n\n\n<p>La Presidenta Municipal Susy Carolina Torrecillas Salazar, destac\u00f3 la importancia de esta acci\u00f3n y reiter\u00f3 el compromiso del Gobierno Municipal de ser un v\u00ednculo directo entre el Estado y la ciudadan\u00eda para acercar este tipo de beneficios sin costo.<\/p>\n\n\n\n<p>\u201cA trav\u00e9s del Registro Civil estaremos apoyando a todas las familias que a\u00fan no cuentan con este documento fundamental. Invitamos a la poblaci\u00f3n a aprovechar esta campa\u00f1a que busca brindar identidad y certeza jur\u00eddica a todas y todos\u201d, expres\u00f3 Torrecillas Salazar.<\/p>\n\n\n\n<p>Por su parte, Antonio Coss\u00edo P\u00e9rez, titular de la Oficial\u00eda Primera del Registro Civil, inform\u00f3 que adem\u00e1s de los registros ordinarios, los ciudadanos con hijos nacidos en el extranjero podr\u00e1n realizar el tr\u00e1mite de doble nacionalidad sin costo alguno.<\/p>\n\n\n\n<p>\u201cAgradecemos al Gobierno del Estado, encabezado por el doctor Esteban Villegas Villarreal, por hacer posible esta campa\u00f1a y ofrecer a las familias la oportunidad de obtener su acta de nacimiento de manera gratuita\u201d, se\u00f1al\u00f3 Coss\u00edo P\u00e9rez.<\/p>\n\n\n\n<p>La actividad se desarrolla en las oficinas del Sistema DIF Lerdo durante toda la semana, con atenci\u00f3n en horario de oficina.<\/p>\n","protected":false},"excerpt":{"rendered":"<p>&#8211; Del 20 al 25 de octubre; el tr\u00e1mite ser\u00e1 gratuito Lerdo, 21 de octubre 2025.- El Municipio de Lerdo se suma a la campa\u00f1a estatal de registros de nacimiento y extempor\u00e1neos, con el prop\u00f3sito de reducir el rezago de personas sin identidad legal y garantizar su derecho a la documentaci\u00f3n oficial. El arranque de [&hellip;]<\/p>\n","protected":false},"author":1,"featured_media":26335,"comment_status":"open","ping_status":"open","sticky":false,"template":"","format":"standard","meta":{"_monsterinsights_skip_tracking":false,"_monsterinsights_sitenote_active":false,"_monsterinsights_sitenote_note":"","_monsterinsights_sitenote_category":0,"footnotes":""},"categories":[1],"tags":[],"_links":{"self":[{"href":"https:\/\/zonalimitrofe-cbnr.com\/index.php\/wp-json\/wp\/v2\/posts\/26334"}],"collection":[{"href":"https:\/\/zonalimitrofe-cbnr.com\/index.php\/wp-json\/wp\/v2\/posts"}],"about":[{"href":"https:\/\/zonalimitrofe-cbnr.com\/index.php\/wp-json\/wp\/v2\/types\/post"}],"author":[{"embeddable":true,"href":"https:\/\/zonalimitrofe-cbnr.com\/index.php\/wp-json\/wp\/v2\/users\/1"}],"replies":[{"embeddable":true,"href":"https:\/\/zonalimitrofe-cbnr.com\/index.php\/wp-json\/wp\/v2\/comments?post=26334"}],"version-history":[{"count":1,"href":"https:\/\/zonalimitrofe-cbnr.com\/index.php\/wp-json\/wp\/v2\/posts\/26334\/revisions"}],"predecessor-version":[{"id":26336,"href":"https:\/\/zonalimitrofe-cbnr.com\/index.php\/wp-json\/wp\/v2\/posts\/26334\/revisions\/26336"}],"wp:featuredmedia":[{"embeddable":true,"href":"https:\/\/zonalimitrofe-cbnr.com\/index.php\/wp-json\/wp\/v2\/media\/26335"}],"wp:attachment":[{"href":"https:\/\/zonalimitrofe-cbnr.com\/index.php\/wp-json\/wp\/v2\/media?parent=26334"}],"wp:term":[{"taxonomy":"category","embeddable":true,"href":"https:\/\/zonalimitrofe-cbnr.com\/index.php\/wp-json\/wp\/v2\/categories?post=26334"},{"taxonomy":"post_tag","embeddable":true,"href":"https:\/\/zonalimitrofe-cbnr.com\/index.php\/wp-json\/wp\/v2\/tags?post=26334"}],"curies":[{"name":"wp","href":"https:\/\/api.w.org\/{rel}","templated":true}]}}