{"id":26322,"date":"2025-10-20T19:44:40","date_gmt":"2025-10-21T01:44:40","guid":{"rendered":"https:\/\/zonalimitrofe-cbnr.com\/?p=26322"},"modified":"2025-10-20T19:44:41","modified_gmt":"2025-10-21T01:44:41","slug":"uadec-inauguran-en-la-uadec-el-seminario-regional-acceso-a-la-justicia-para-mujeres-y-ninas-resonancias-colectivas-saberes-luchas-y-caminos","status":"publish","type":"post","link":"https:\/\/zonalimitrofe-cbnr.com\/index.php\/2025\/10\/20\/uadec-inauguran-en-la-uadec-el-seminario-regional-acceso-a-la-justicia-para-mujeres-y-ninas-resonancias-colectivas-saberes-luchas-y-caminos\/","title":{"rendered":"#UAdeC. Inauguran en la UAdeC el Seminario Regional Acceso a la Justicia para Mujeres y Ni\u00f1as: Resonancias Colectivas, Saberes, Luchas y Caminos"},"content":{"rendered":"\n<p>ARTEAGA, Coahuila. 20 de octubre de 2025. La Universidad Aut\u00f3noma de Coahuila a trav\u00e9s de la Coordinaci\u00f3n de Igualdad de G\u00e9nero y el Instituto de Investigaci\u00f3n para el Desarrollo Integral de la Mujer Universitaria (IIDIMU), en conjunto con la Federaci\u00f3n Mexicana de Universitarias Cap\u00edtulo Coahuila, inauguraron el Seminario Regional Acceso a la Justicia para Mujeres y Ni\u00f1as: Resonancias Colectivas, saberes, luchas y caminos.<\/p>\n\n\n\n<p>El encuentro se desarrolla del 20 al 22 de octubre de 2025 en tres sedes universitarias, el d\u00eda 20 en la Unidad Sureste, el 21 en la Unidad Laguna en la Infoteca Central de Ciudad Universitaria y el 22 en la Unidad Norte en la Facultad de Contadur\u00eda y Administraci\u00f3n de Monclova.<\/p>\n\n\n\n<p>En la Sala de Videoconferencias de Infoteca Arteaga, asistieron, el rector de la m\u00e1xima casa de estudios, Octavio Pimentel Mart\u00ednez, la coordinadora de Unidad Sureste, Eva Kerena Hern\u00e1ndez Mart\u00ednez, la coordinadora de Igualdad de G\u00e9nero, Lorena Medina Bocanegra, la titular del Tribunal Universitario, Nadia Salas Carrillo, la fiscal de las Mujeres y la Ni\u00f1ez en Coahuila, Katy Salinas y de manera virtual la presidenta de la Federaci\u00f3n Mexicana de Universitarias, Patricia Galeana Herrera.<\/p>\n\n\n\n<p>En su mensaje el Rector, enfatiz\u00f3 en que es primordial erradicar la indiferencia que se tiene ante la desigualdad y la violencia, para que las mujeres se sientan en un sitio universitario seguro en donde puedan expresarse, por lo que en la UAdeC se tiene la postura de ser una instituci\u00f3n que promueve la justicia social, la igualdad y los derechos humanos, para as\u00ed contribuir a la construcci\u00f3n de una mejor sociedad.<\/p>\n\n\n\n<p>Por su parte, la coordinadora de Igualdad, de G\u00e9nero, Lorena Medina Bocanegra, agradeci\u00f3 al rector Octavio Pimentel por siempre apoyar e impulsar acciones e iniciativas que se llevan a cabo en la Universidad para promover la igualdad.<\/p>\n\n\n\n<p>Mientras que, la fiscal de las Mujeres y la Ni\u00f1ez en Coahuila, Katy Salinas, destac\u00f3 la gran alianza que se tiene con la Universidad Aut\u00f3noma de Coahuila para trabajar en temas de justicia para las mujeres, lo que se logra gracias a todos los que forman parte de esta instituci\u00f3n.<\/p>\n\n\n\n<p>La presidenta de la Federaci\u00f3n Mexicana de Universitarias, Patricia Galeana Herrera, se\u00f1al\u00f3 que hay acecho a los movimientos feministas y que se ha normalizado la violencia hacia las mujeres, por lo que este tipo de eventos son fundamentales.<\/p>\n\n\n\n<p>Durante las jornadas se abordar\u00e1n los siguientes ejes tem\u00e1ticos: El papel de las universidades y la investigaci\u00f3n cient\u00edfica en la transformaci\u00f3n de la justicia para las mujeres; Avances normativos y desaf\u00edos en la implementaci\u00f3n de la justicia con perspectiva de g\u00e9nero en M\u00e9xico; Violencia institucional, revictimizaci\u00f3n y obst\u00e1culos<\/p>\n\n\n\n<p>en el acceso a la justicia; Interseccionalidad en la justicia: mujeres ind\u00edgenas, afrodescendientes, con discapacidad, migrantes, ni\u00f1as y adolescentes.<\/p>\n\n\n\n<p>As\u00ed como Justicia digital y violencia de g\u00e9nero en entornos tecnol\u00f3gicos; Justicia reproductiva, autonom\u00eda corporal y derechos sexuales y reproductivos; Justicia penal y punitivismo desde una mirada feminista cr\u00edtica; Experiencias de litigio estrat\u00e9gico y acompa\u00f1amiento a v\u00edctimas; Cultura jur\u00eddica, formaci\u00f3n judicial y pedagog\u00edas feministas en el \u00e1mbito legal y Memoria, verdad y reparaci\u00f3n para mujeres v\u00edctimas de violencia estructural.<\/p>\n","protected":false},"excerpt":{"rendered":"<p>ARTEAGA, Coahuila. 20 de octubre de 2025. La Universidad Aut\u00f3noma de Coahuila a trav\u00e9s de la Coordinaci\u00f3n de Igualdad de G\u00e9nero y el Instituto de Investigaci\u00f3n para el Desarrollo Integral de la Mujer Universitaria (IIDIMU), en conjunto con la Federaci\u00f3n Mexicana de Universitarias Cap\u00edtulo Coahuila, inauguraron el Seminario Regional Acceso a la Justicia para Mujeres [&hellip;]<\/p>\n","protected":false},"author":1,"featured_media":26323,"comment_status":"open","ping_status":"open","sticky":false,"template":"","format":"standard","meta":{"_monsterinsights_skip_tracking":false,"_monsterinsights_sitenote_active":false,"_monsterinsights_sitenote_note":"","_monsterinsights_sitenote_category":0,"footnotes":""},"categories":[1],"tags":[],"_links":{"self":[{"href":"https:\/\/zonalimitrofe-cbnr.com\/index.php\/wp-json\/wp\/v2\/posts\/26322"}],"collection":[{"href":"https:\/\/zonalimitrofe-cbnr.com\/index.php\/wp-json\/wp\/v2\/posts"}],"about":[{"href":"https:\/\/zonalimitrofe-cbnr.com\/index.php\/wp-json\/wp\/v2\/types\/post"}],"author":[{"embeddable":true,"href":"https:\/\/zonalimitrofe-cbnr.com\/index.php\/wp-json\/wp\/v2\/users\/1"}],"replies":[{"embeddable":true,"href":"https:\/\/zonalimitrofe-cbnr.com\/index.php\/wp-json\/wp\/v2\/comments?post=26322"}],"version-history":[{"count":1,"href":"https:\/\/zonalimitrofe-cbnr.com\/index.php\/wp-json\/wp\/v2\/posts\/26322\/revisions"}],"predecessor-version":[{"id":26324,"href":"https:\/\/zonalimitrofe-cbnr.com\/index.php\/wp-json\/wp\/v2\/posts\/26322\/revisions\/26324"}],"wp:featuredmedia":[{"embeddable":true,"href":"https:\/\/zonalimitrofe-cbnr.com\/index.php\/wp-json\/wp\/v2\/media\/26323"}],"wp:attachment":[{"href":"https:\/\/zonalimitrofe-cbnr.com\/index.php\/wp-json\/wp\/v2\/media?parent=26322"}],"wp:term":[{"taxonomy":"category","embeddable":true,"href":"https:\/\/zonalimitrofe-cbnr.com\/index.php\/wp-json\/wp\/v2\/categories?post=26322"},{"taxonomy":"post_tag","embeddable":true,"href":"https:\/\/zonalimitrofe-cbnr.com\/index.php\/wp-json\/wp\/v2\/tags?post=26322"}],"curies":[{"name":"wp","href":"https:\/\/api.w.org\/{rel}","templated":true}]}}