{"id":26319,"date":"2025-10-20T19:41:37","date_gmt":"2025-10-21T01:41:37","guid":{"rendered":"https:\/\/zonalimitrofe-cbnr.com\/?p=26319"},"modified":"2025-10-20T19:41:37","modified_gmt":"2025-10-21T01:41:37","slug":"lerdo-proteccion-civil-y-bomberos-de-lerdo-firman-convenio-con-la-utld","status":"publish","type":"post","link":"https:\/\/zonalimitrofe-cbnr.com\/index.php\/2025\/10\/20\/lerdo-proteccion-civil-y-bomberos-de-lerdo-firman-convenio-con-la-utld\/","title":{"rendered":"#Lerdo. PROTECCI\u00d3N CIVIL Y BOMBEROS DE LERDO FIRMAN CONVENIO CON LA UTLD*"},"content":{"rendered":"\n<p>Lerdo, 20 de octubre de 2025.- Por instrucciones de la Presidenta Municipal Susy Carolina Torrecillas Salazar, la Direcci\u00f3n de Protecci\u00f3n Civil y Bomberos de Lerdo llev\u00f3 a cabo la firma de un convenio de colaboraci\u00f3n con la Universidad Tecnol\u00f3gica de La Laguna Durango (UTLD), con el prop\u00f3sito de fortalecer el intercambio y la cooperaci\u00f3n entre ambas instituciones.<\/p>\n\n\n\n<p>Durante este importante acto estuvieron presentes el director de Protecci\u00f3n Civil y Bomberos, Lic. Sinhue de Jes\u00fas Ortiz Alba, y el rector de la UTLD, M.C. V\u00edctor Alonso G\u00f3mez Hern\u00e1ndez, quienes coincidieron en que la formalizaci\u00f3n de este tipo de acuerdos permite establecer una relaci\u00f3n de trabajo m\u00e1s s\u00f3lida, orientada a la formaci\u00f3n, capacitaci\u00f3n y desarrollo profesional de los estudiantes, adem\u00e1s de fortalecer las acciones de protecci\u00f3n y servicio a la comunidad.<\/p>\n\n\n\n<p>El principal objetivo del convenio es fomentar la colaboraci\u00f3n e intercambio de conocimientos, impulsar proyectos y programas en beneficio de la ciudadan\u00eda y los estudiantes, as\u00ed como fortalecer la preparaci\u00f3n profesional y t\u00e9cnica en \u00e1reas de inter\u00e9s com\u00fan.<\/p>\n\n\n\n<p>A trav\u00e9s de este tipo de alianzas, el Gobierno Municipal de Lerdo, encabezado por la Alcaldesa Susy Torrecillas, contin\u00faa impulsando la vinculaci\u00f3n educativa e institucional como herramienta clave para el desarrollo y la seguridad del municipio.<\/p>\n","protected":false},"excerpt":{"rendered":"<p>Lerdo, 20 de octubre de 2025.- Por instrucciones de la Presidenta Municipal Susy Carolina Torrecillas Salazar, la Direcci\u00f3n de Protecci\u00f3n Civil y Bomberos de Lerdo llev\u00f3 a cabo la firma de un convenio de colaboraci\u00f3n con la Universidad Tecnol\u00f3gica de La Laguna Durango (UTLD), con el prop\u00f3sito de fortalecer el intercambio y la cooperaci\u00f3n entre [&hellip;]<\/p>\n","protected":false},"author":1,"featured_media":26320,"comment_status":"open","ping_status":"open","sticky":false,"template":"","format":"standard","meta":{"_monsterinsights_skip_tracking":false,"_monsterinsights_sitenote_active":false,"_monsterinsights_sitenote_note":"","_monsterinsights_sitenote_category":0,"footnotes":""},"categories":[1],"tags":[],"_links":{"self":[{"href":"https:\/\/zonalimitrofe-cbnr.com\/index.php\/wp-json\/wp\/v2\/posts\/26319"}],"collection":[{"href":"https:\/\/zonalimitrofe-cbnr.com\/index.php\/wp-json\/wp\/v2\/posts"}],"about":[{"href":"https:\/\/zonalimitrofe-cbnr.com\/index.php\/wp-json\/wp\/v2\/types\/post"}],"author":[{"embeddable":true,"href":"https:\/\/zonalimitrofe-cbnr.com\/index.php\/wp-json\/wp\/v2\/users\/1"}],"replies":[{"embeddable":true,"href":"https:\/\/zonalimitrofe-cbnr.com\/index.php\/wp-json\/wp\/v2\/comments?post=26319"}],"version-history":[{"count":1,"href":"https:\/\/zonalimitrofe-cbnr.com\/index.php\/wp-json\/wp\/v2\/posts\/26319\/revisions"}],"predecessor-version":[{"id":26321,"href":"https:\/\/zonalimitrofe-cbnr.com\/index.php\/wp-json\/wp\/v2\/posts\/26319\/revisions\/26321"}],"wp:featuredmedia":[{"embeddable":true,"href":"https:\/\/zonalimitrofe-cbnr.com\/index.php\/wp-json\/wp\/v2\/media\/26320"}],"wp:attachment":[{"href":"https:\/\/zonalimitrofe-cbnr.com\/index.php\/wp-json\/wp\/v2\/media?parent=26319"}],"wp:term":[{"taxonomy":"category","embeddable":true,"href":"https:\/\/zonalimitrofe-cbnr.com\/index.php\/wp-json\/wp\/v2\/categories?post=26319"},{"taxonomy":"post_tag","embeddable":true,"href":"https:\/\/zonalimitrofe-cbnr.com\/index.php\/wp-json\/wp\/v2\/tags?post=26319"}],"curies":[{"name":"wp","href":"https:\/\/api.w.org\/{rel}","templated":true}]}}