{"id":26310,"date":"2025-10-20T19:25:17","date_gmt":"2025-10-21T01:25:17","guid":{"rendered":"https:\/\/zonalimitrofe-cbnr.com\/?p=26310"},"modified":"2025-10-20T19:25:17","modified_gmt":"2025-10-21T01:25:17","slug":"gp-casa-faya-sera-centro-de-artes-en-gomez-palacio-y-orgullo-de-sus-habitantes","status":"publish","type":"post","link":"https:\/\/zonalimitrofe-cbnr.com\/index.php\/2025\/10\/20\/gp-casa-faya-sera-centro-de-artes-en-gomez-palacio-y-orgullo-de-sus-habitantes\/","title":{"rendered":"#GP. Casa Faya ser\u00e1 Centro de Artes en G\u00f3mez Palacio y orgullo de sus habitantes*"},"content":{"rendered":"\n<p>*La alcaldesa Betzab\u00e9 Mart\u00ednez lo anuncia como un espacio que nace para impulsar el talento y la creatividad de los gomezpalatinos<\/p>\n\n\n\n<p>Casa Faya ser\u00e1 en adelante el Centro de las Artes en G\u00f3mez Palacio y abrir\u00e1 sus puertas a toda la comunidad, \u201cun espacio que nace para impulsar el talento, la creatividad y el orgullo de nuestra gente, anunci\u00f3 Betzab\u00e9 Mart\u00ednez Arango durante su encuentro semanal con medios de comunicaci\u00f3n denominado \u201cLunes con la Presidenta\u201d.<br>Abund\u00f3 al respecto se\u00f1alando que, junto con el Gobierno del Estado, se aplicar\u00e1 una inversi\u00f3n de 2 millones de pesos, se ofrecer\u00e1n talleres de cine, teatro, danza, breaking, pintura, m\u00fasica y fotograf\u00eda, adem\u00e1s de actividades culturales abiertas al p\u00fablico como noches de cine, galer\u00edas de arte, caf\u00e9 literario y presentaciones musicales.<br>Adem\u00e1s, en conjunto con el gobierno estatal se llevar\u00e1 a cabo el Primer Festival de la Revoluci\u00f3n, del 12 al 22 de noviembre, mientras que para el 20 de noviembre se tiene programada una intervenci\u00f3n art\u00edstica en la Casa Faya, \u201cTodos y todas est\u00e1n invitados a ser testigos de esta nueva historia que estamos escribiendo juntos\u201d, dijo.<br>Con esta finca, que guarda parte de la historia y arquitectura de inicios de la ciudad, como recinto del encuentro de inicio de semana con los reporteros locales, la Presidenta Municipal manifest\u00f3 que se trata de un inmueble que ser\u00e1 utilizado ampliamente junto con la plazoleta adjunta.<br>De la propiedad del inmueble dijo que se cuenta con todo en orden para hacer uso del mismo y que ya la Direcci\u00f3n de Protecci\u00f3n Civil Municipal efectu\u00f3 una inspecci\u00f3n para confirmar sus buenas condiciones para su uso p\u00fablico.<br>Acompa\u00f1ando a la Alcaldesa, el director de Arte y Cultura, Felipe del R\u00edo Mart\u00ednez, dio a conocer que la ubicaci\u00f3n de Casa Faya potenciar\u00e1 el atractivo del Centro de las Artes, donde se impulsar\u00e1 creatividad de ni\u00f1os y j\u00f3venes, pero se pretende que se genere gran bullicio en torno a este sitio, para lo cual ya se trabaja en acomodar todos los horarios y habilitar los espacios para talleres y salas.<br>\u201cVa a ser un mini Guanajuato, un mini Aguascalientes\u201d, dijo el funcionario entusiasmado de lo que se pretende hacer en este espacio de los gomezpalatinos.<\/p>\n","protected":false},"excerpt":{"rendered":"<p>*La alcaldesa Betzab\u00e9 Mart\u00ednez lo anuncia como un espacio que nace para impulsar el talento y la creatividad de los gomezpalatinos Casa Faya ser\u00e1 en adelante el Centro de las Artes en G\u00f3mez Palacio y abrir\u00e1 sus puertas a toda la comunidad, \u201cun espacio que nace para impulsar el talento, la creatividad y el orgullo [&hellip;]<\/p>\n","protected":false},"author":1,"featured_media":26311,"comment_status":"open","ping_status":"open","sticky":false,"template":"","format":"standard","meta":{"_monsterinsights_skip_tracking":false,"_monsterinsights_sitenote_active":false,"_monsterinsights_sitenote_note":"","_monsterinsights_sitenote_category":0,"footnotes":""},"categories":[1],"tags":[],"_links":{"self":[{"href":"https:\/\/zonalimitrofe-cbnr.com\/index.php\/wp-json\/wp\/v2\/posts\/26310"}],"collection":[{"href":"https:\/\/zonalimitrofe-cbnr.com\/index.php\/wp-json\/wp\/v2\/posts"}],"about":[{"href":"https:\/\/zonalimitrofe-cbnr.com\/index.php\/wp-json\/wp\/v2\/types\/post"}],"author":[{"embeddable":true,"href":"https:\/\/zonalimitrofe-cbnr.com\/index.php\/wp-json\/wp\/v2\/users\/1"}],"replies":[{"embeddable":true,"href":"https:\/\/zonalimitrofe-cbnr.com\/index.php\/wp-json\/wp\/v2\/comments?post=26310"}],"version-history":[{"count":1,"href":"https:\/\/zonalimitrofe-cbnr.com\/index.php\/wp-json\/wp\/v2\/posts\/26310\/revisions"}],"predecessor-version":[{"id":26312,"href":"https:\/\/zonalimitrofe-cbnr.com\/index.php\/wp-json\/wp\/v2\/posts\/26310\/revisions\/26312"}],"wp:featuredmedia":[{"embeddable":true,"href":"https:\/\/zonalimitrofe-cbnr.com\/index.php\/wp-json\/wp\/v2\/media\/26311"}],"wp:attachment":[{"href":"https:\/\/zonalimitrofe-cbnr.com\/index.php\/wp-json\/wp\/v2\/media?parent=26310"}],"wp:term":[{"taxonomy":"category","embeddable":true,"href":"https:\/\/zonalimitrofe-cbnr.com\/index.php\/wp-json\/wp\/v2\/categories?post=26310"},{"taxonomy":"post_tag","embeddable":true,"href":"https:\/\/zonalimitrofe-cbnr.com\/index.php\/wp-json\/wp\/v2\/tags?post=26310"}],"curies":[{"name":"wp","href":"https:\/\/api.w.org\/{rel}","templated":true}]}}