{"id":26273,"date":"2025-10-19T13:27:38","date_gmt":"2025-10-19T19:27:38","guid":{"rendered":"https:\/\/zonalimitrofe-cbnr.com\/?p=26273"},"modified":"2025-10-19T13:27:39","modified_gmt":"2025-10-19T19:27:39","slug":"gp-anuncia-betzabe-proxima-apertura-de-casa-faya-al-publico-para-diversas-actividades-artisticas","status":"publish","type":"post","link":"https:\/\/zonalimitrofe-cbnr.com\/index.php\/2025\/10\/19\/gp-anuncia-betzabe-proxima-apertura-de-casa-faya-al-publico-para-diversas-actividades-artisticas\/","title":{"rendered":"#GP. Anuncia Betzab\u00e9 pr\u00f3xima apertura de Casa Faya al p\u00fablico para diversas actividades art\u00edsticas"},"content":{"rendered":"\n<p>*Resalta importancia de este recinto para beneficio de la ni\u00f1ez<\/p>\n\n\n\n<p>Betzab\u00e9 Mart\u00ednez Arango, presidenta municipal de G\u00f3mez Palacio, realiz\u00f3 un recorrido por la Casa Faya, un inmueble de significativo valor arquitect\u00f3nico e hist\u00f3rico para la ciudad, que se contempla convertir en un punto de encuentro cultural para todas y todos los gomezpalatinos.<br>Acompa\u00f1ada por Felipe del R\u00edo Mart\u00ednez, titular de la de la Direcci\u00f3n de Arte y Cultura, la Alcaldesa destac\u00f3 que este proyecto forma parte de los esfuerzos de su Administraci\u00f3n por impulsar espacios que fortalezcan la identidad y el talento art\u00edstico de la ciudad.<br>La edil expuso que se contempla que este sea un espacio donde se pueda recibir a ni\u00f1as, ni\u00f1os y adolescentes \u201cy poderle dar mayo promoci\u00f3n al arte, que siempre ser\u00e1 un gran aliado para la formaci\u00f3n de la ni\u00f1ez\u201d<br>De acuerdo con lo proyectado, Casa Faya contar\u00e1 con \u00e1reas dedicadas a cine, pintura, baile, teatro y diversas expresiones art\u00edsticas, con el prop\u00f3sito de acercar la cultura a toda la comunidad, brindando oportunidades para la creaci\u00f3n y el aprendizaje.<br>Este recorrido refleja el firme compromiso del gobierno de Betzab\u00e9 Mart\u00ednez Arango con la cultura, el arte y la formaci\u00f3n de nuevas generaciones m\u00e1s sensibles, creativas y orgullosas de su identidad gomezpalatina.<br>En tal sentido, el director de Cultura en el municipio apunt\u00f3 que los centros culturales existentes suelen estar muy lejos \u201cy qu\u00e9 mejor que estar en el Centro, con un escenario como la plazoleta de Casa Faya para que la gente que pasa vea que se est\u00e1n haciendo actividades y generando arte\u201d. As\u00ed, a\u00f1adi\u00f3 que esto motivar\u00e1 a los gomezpalatinos a entrar al recinto y a tomar un pincel o instrumento musical en sus manos o a leer un libro.<br>Al respecto, la presidenta Betzab\u00e9 Mart\u00ednez llam\u00f3 a la comunidad a estar atenta, pues en breve, Casa Faya ser\u00e1 sede de actividades que ser\u00e1n de gran atractivo y beneficio para la poblaci\u00f3n, pero especialmente para la ni\u00f1ez y juventud.<\/p>\n","protected":false},"excerpt":{"rendered":"<p>*Resalta importancia de este recinto para beneficio de la ni\u00f1ez Betzab\u00e9 Mart\u00ednez Arango, presidenta municipal de G\u00f3mez Palacio, realiz\u00f3 un recorrido por la Casa Faya, un inmueble de significativo valor arquitect\u00f3nico e hist\u00f3rico para la ciudad, que se contempla convertir en un punto de encuentro cultural para todas y todos los gomezpalatinos.Acompa\u00f1ada por Felipe del [&hellip;]<\/p>\n","protected":false},"author":1,"featured_media":26274,"comment_status":"open","ping_status":"open","sticky":false,"template":"","format":"standard","meta":{"_monsterinsights_skip_tracking":false,"_monsterinsights_sitenote_active":false,"_monsterinsights_sitenote_note":"","_monsterinsights_sitenote_category":0,"footnotes":""},"categories":[1],"tags":[],"_links":{"self":[{"href":"https:\/\/zonalimitrofe-cbnr.com\/index.php\/wp-json\/wp\/v2\/posts\/26273"}],"collection":[{"href":"https:\/\/zonalimitrofe-cbnr.com\/index.php\/wp-json\/wp\/v2\/posts"}],"about":[{"href":"https:\/\/zonalimitrofe-cbnr.com\/index.php\/wp-json\/wp\/v2\/types\/post"}],"author":[{"embeddable":true,"href":"https:\/\/zonalimitrofe-cbnr.com\/index.php\/wp-json\/wp\/v2\/users\/1"}],"replies":[{"embeddable":true,"href":"https:\/\/zonalimitrofe-cbnr.com\/index.php\/wp-json\/wp\/v2\/comments?post=26273"}],"version-history":[{"count":1,"href":"https:\/\/zonalimitrofe-cbnr.com\/index.php\/wp-json\/wp\/v2\/posts\/26273\/revisions"}],"predecessor-version":[{"id":26275,"href":"https:\/\/zonalimitrofe-cbnr.com\/index.php\/wp-json\/wp\/v2\/posts\/26273\/revisions\/26275"}],"wp:featuredmedia":[{"embeddable":true,"href":"https:\/\/zonalimitrofe-cbnr.com\/index.php\/wp-json\/wp\/v2\/media\/26274"}],"wp:attachment":[{"href":"https:\/\/zonalimitrofe-cbnr.com\/index.php\/wp-json\/wp\/v2\/media?parent=26273"}],"wp:term":[{"taxonomy":"category","embeddable":true,"href":"https:\/\/zonalimitrofe-cbnr.com\/index.php\/wp-json\/wp\/v2\/categories?post=26273"},{"taxonomy":"post_tag","embeddable":true,"href":"https:\/\/zonalimitrofe-cbnr.com\/index.php\/wp-json\/wp\/v2\/tags?post=26273"}],"curies":[{"name":"wp","href":"https:\/\/api.w.org\/{rel}","templated":true}]}}