{"id":26267,"date":"2025-10-18T13:58:33","date_gmt":"2025-10-18T19:58:33","guid":{"rendered":"https:\/\/zonalimitrofe-cbnr.com\/?p=26267"},"modified":"2025-10-18T13:58:34","modified_gmt":"2025-10-18T19:58:34","slug":"torreon-realizan-jornada-de-reforestacion-y-mantenimiento-en-el-centro-de-educacion-vial-carlos-de-la-cueva","status":"publish","type":"post","link":"https:\/\/zonalimitrofe-cbnr.com\/index.php\/2025\/10\/18\/torreon-realizan-jornada-de-reforestacion-y-mantenimiento-en-el-centro-de-educacion-vial-carlos-de-la-cueva\/","title":{"rendered":"#Torre\u00f3n. Realizan jornada de reforestaci\u00f3n y mantenimiento en el Centro de Educaci\u00f3n Vial Carlos de la Cueva"},"content":{"rendered":"\n<p><strong>Torre\u00f3n, Coahuila. A 18 de octubre de 2025.- <\/strong>Dentro de las acciones encaminadas a la mejora de las instalaciones del Centro de Educaci\u00f3n Vial Carlos de la Cueva, este s\u00e1bado se llev\u00f3 a cabo una jornada de mantenimiento y reforestaci\u00f3n en la que fueron plantados 30 \u00e1rboles dentro del recinto. Martha Alicia Faz D\u00e1vila, directora de Tr\u00e1nsito y Vialidad, dio a conocer que la actividad cont\u00f3 con la participaci\u00f3n de elementos de la direcci\u00f3n a su cargo, personal de Medio Ambiente, as\u00ed como de integrantes del Club Rotario Campestre, quienes sumaron esfuerzos para fortalecer las \u00e1reas verdes y mejorar el espacio de capacitaci\u00f3n. Asimismo, inform\u00f3 que personal del Sistema Integral de Mantenimiento Vial (SIMV) llev\u00f3 a cabo labores complementarias como pintura de cordones, l\u00edneas de se\u00f1alizaci\u00f3n y diversos detalles dentro del per\u00edmetro del Centro de Educaci\u00f3n Vial Carlos de la Cueva. La directora de Tr\u00e1nsito y Vialidad dijo que el objetivo de estas acciones es realizar de manera continua trabajos de rehabilitaci\u00f3n y embellecimiento de las instalaciones, con el prop\u00f3sito de ofrecer \u00e1reas verdes y funcionales para beneficio de los ciudadanos que acuden al centro. Indic\u00f3 que durante la semana se hicieron los trabajos previos como las mediciones de los pozos donde ser\u00edan plantados los \u00e1rboles, considerando las dimensiones adecuadas y el crecimiento futuro de cada especie, con el fin de garantizar su \u00f3ptimo desarrollo. La funcionaria destac\u00f3 que fueron colocados 23 \u00e1rboles nativos de la regi\u00f3n, entre ellos huizaches y l\u00e1grimas de San Pedro, adem\u00e1s de siete arbustos de ornato que contribuir\u00e1n a mejorar la imagen del lugar y a generar sombra en el \u00e1rea. Faz D\u00e1vila agreg\u00f3 que estas acciones forman parte del compromiso de la Administraci\u00f3n Municipal encabezada por el alcalde Rom\u00e1n Alberto Cepeda Gonz\u00e1lez, de contar con espacios adecuados, seguros y sustentables que fortalezcan la educaci\u00f3n vial y el respeto por el entorno.<\/p>\n","protected":false},"excerpt":{"rendered":"<p>Torre\u00f3n, Coahuila. A 18 de octubre de 2025.- Dentro de las acciones encaminadas a la mejora de las instalaciones del Centro de Educaci\u00f3n Vial Carlos de la Cueva, este s\u00e1bado se llev\u00f3 a cabo una jornada de mantenimiento y reforestaci\u00f3n en la que fueron plantados 30 \u00e1rboles dentro del recinto. Martha Alicia Faz D\u00e1vila, directora [&hellip;]<\/p>\n","protected":false},"author":1,"featured_media":26268,"comment_status":"open","ping_status":"open","sticky":false,"template":"","format":"standard","meta":{"_monsterinsights_skip_tracking":false,"_monsterinsights_sitenote_active":false,"_monsterinsights_sitenote_note":"","_monsterinsights_sitenote_category":0,"footnotes":""},"categories":[1],"tags":[],"_links":{"self":[{"href":"https:\/\/zonalimitrofe-cbnr.com\/index.php\/wp-json\/wp\/v2\/posts\/26267"}],"collection":[{"href":"https:\/\/zonalimitrofe-cbnr.com\/index.php\/wp-json\/wp\/v2\/posts"}],"about":[{"href":"https:\/\/zonalimitrofe-cbnr.com\/index.php\/wp-json\/wp\/v2\/types\/post"}],"author":[{"embeddable":true,"href":"https:\/\/zonalimitrofe-cbnr.com\/index.php\/wp-json\/wp\/v2\/users\/1"}],"replies":[{"embeddable":true,"href":"https:\/\/zonalimitrofe-cbnr.com\/index.php\/wp-json\/wp\/v2\/comments?post=26267"}],"version-history":[{"count":1,"href":"https:\/\/zonalimitrofe-cbnr.com\/index.php\/wp-json\/wp\/v2\/posts\/26267\/revisions"}],"predecessor-version":[{"id":26269,"href":"https:\/\/zonalimitrofe-cbnr.com\/index.php\/wp-json\/wp\/v2\/posts\/26267\/revisions\/26269"}],"wp:featuredmedia":[{"embeddable":true,"href":"https:\/\/zonalimitrofe-cbnr.com\/index.php\/wp-json\/wp\/v2\/media\/26268"}],"wp:attachment":[{"href":"https:\/\/zonalimitrofe-cbnr.com\/index.php\/wp-json\/wp\/v2\/media?parent=26267"}],"wp:term":[{"taxonomy":"category","embeddable":true,"href":"https:\/\/zonalimitrofe-cbnr.com\/index.php\/wp-json\/wp\/v2\/categories?post=26267"},{"taxonomy":"post_tag","embeddable":true,"href":"https:\/\/zonalimitrofe-cbnr.com\/index.php\/wp-json\/wp\/v2\/tags?post=26267"}],"curies":[{"name":"wp","href":"https:\/\/api.w.org\/{rel}","templated":true}]}}