{"id":26264,"date":"2025-10-18T13:55:08","date_gmt":"2025-10-18T19:55:08","guid":{"rendered":"https:\/\/zonalimitrofe-cbnr.com\/?p=26264"},"modified":"2025-10-18T13:55:08","modified_gmt":"2025-10-18T19:55:08","slug":"lerdo-como-parte-del-proyecto-trayectos-seguros-se-instalaran-mil-luminarias-en-la-ciudad","status":"publish","type":"post","link":"https:\/\/zonalimitrofe-cbnr.com\/index.php\/2025\/10\/18\/lerdo-como-parte-del-proyecto-trayectos-seguros-se-instalaran-mil-luminarias-en-la-ciudad\/","title":{"rendered":"#Lerdo. COMO PARTE DEL PROYECTO \u2018TRAYECTOS SEGUROS\u2019, SE INSTALAR\u00c1N MIL LUMINARIAS EN LA CIUDAD*"},"content":{"rendered":"\n<ul>\n<li>Durante el viernes SCTS visit\u00f3 el Boulevard Miguel Alem\u00e1n<\/li>\n<\/ul>\n\n\n\n<p>Lerdo, 18 de octubre de 2025.\u2013 La noche del viernes, la Presidenta Municipal Susy Carolina Torrecillas Salazar realiz\u00f3 el encendido oficial de luminarias en el Boulevard Miguel Alem\u00e1n y en la Plaza Revoluci\u00f3n, como parte del proyecto \u201cTrayectos Seguros\u201d, que tiene como objetivo brindar espacios iluminados y seguros para las familias lerdenses.<\/p>\n\n\n\n<p>Acompa\u00f1ada de funcionarios de su gabinete y de ciudadanos de m\u00e1s de cinco colonias del sector, la Presidenta destac\u00f3 la importancia de garantizar la seguridad de las familias, j\u00f3venes y mujeres que diariamente transitan por esta importante vialidad, tanto en las primeras horas de la ma\u00f1ana como durante la noche.<\/p>\n\n\n\n<p>Torrecillas Salazar inform\u00f3 que, atendiendo las solicitudes ciudadanas, tambi\u00e9n se rehabilit\u00f3 la iluminaci\u00f3n de la Plaza Revoluci\u00f3n, que cuenta con una r\u00e9plica del obelisco y presentaba fallas en su sistema lum\u00ednico.<\/p>\n\n\n\n<p>Asimismo, se llev\u00f3 a cabo el encendido simb\u00f3lico del Boulevard Miguel Alem\u00e1n, el cual fue rehabilitado en su totalidad, con la instalaci\u00f3n de nuevas luminarias y el mejoramiento de la pintura y el entorno urbano.<\/p>\n\n\n\n<p>\u201cAs\u00ed como hoy iluminamos todo el bulevar Miguel Alem\u00e1n, mucha gente me pregunta por qu\u00e9 siempre este espacio; les comento que es una arteria muy transitada, no solo por habitantes de Lerdo, sino tambi\u00e9n de municipios vecinos. De ah\u00ed mi compromiso de continuar con este proyecto en otros bulevares y espacios p\u00fablicos\u201d, destac\u00f3 la Presidenta.<\/p>\n\n\n\n<p>En esta primera etapa, se adquirieron m\u00e1s de mil luminarias que se instalar\u00e1n en distintos puntos estrat\u00e9gicos de la ciudad, contribuyendo a mejorar la visibilidad, prevenir accidentes y fortalecer la seguridad p\u00fablica.<\/p>\n\n\n\n<p>Estas acciones, se\u00f1al\u00f3 la Presidenta, permiten una mejor conexi\u00f3n entre la zona centro y los distintos sectores del municipio, adem\u00e1s de fortalecer la interconexi\u00f3n con el vecino municipio de G\u00f3mez Palacio.<\/p>\n","protected":false},"excerpt":{"rendered":"<p>Lerdo, 18 de octubre de 2025.\u2013 La noche del viernes, la Presidenta Municipal Susy Carolina Torrecillas Salazar realiz\u00f3 el encendido oficial de luminarias en el Boulevard Miguel Alem\u00e1n y en la Plaza Revoluci\u00f3n, como parte del proyecto \u201cTrayectos Seguros\u201d, que tiene como objetivo brindar espacios iluminados y seguros para las familias lerdenses. Acompa\u00f1ada de funcionarios [&hellip;]<\/p>\n","protected":false},"author":1,"featured_media":26265,"comment_status":"open","ping_status":"open","sticky":false,"template":"","format":"standard","meta":{"_monsterinsights_skip_tracking":false,"_monsterinsights_sitenote_active":false,"_monsterinsights_sitenote_note":"","_monsterinsights_sitenote_category":0,"footnotes":""},"categories":[1],"tags":[],"_links":{"self":[{"href":"https:\/\/zonalimitrofe-cbnr.com\/index.php\/wp-json\/wp\/v2\/posts\/26264"}],"collection":[{"href":"https:\/\/zonalimitrofe-cbnr.com\/index.php\/wp-json\/wp\/v2\/posts"}],"about":[{"href":"https:\/\/zonalimitrofe-cbnr.com\/index.php\/wp-json\/wp\/v2\/types\/post"}],"author":[{"embeddable":true,"href":"https:\/\/zonalimitrofe-cbnr.com\/index.php\/wp-json\/wp\/v2\/users\/1"}],"replies":[{"embeddable":true,"href":"https:\/\/zonalimitrofe-cbnr.com\/index.php\/wp-json\/wp\/v2\/comments?post=26264"}],"version-history":[{"count":1,"href":"https:\/\/zonalimitrofe-cbnr.com\/index.php\/wp-json\/wp\/v2\/posts\/26264\/revisions"}],"predecessor-version":[{"id":26266,"href":"https:\/\/zonalimitrofe-cbnr.com\/index.php\/wp-json\/wp\/v2\/posts\/26264\/revisions\/26266"}],"wp:featuredmedia":[{"embeddable":true,"href":"https:\/\/zonalimitrofe-cbnr.com\/index.php\/wp-json\/wp\/v2\/media\/26265"}],"wp:attachment":[{"href":"https:\/\/zonalimitrofe-cbnr.com\/index.php\/wp-json\/wp\/v2\/media?parent=26264"}],"wp:term":[{"taxonomy":"category","embeddable":true,"href":"https:\/\/zonalimitrofe-cbnr.com\/index.php\/wp-json\/wp\/v2\/categories?post=26264"},{"taxonomy":"post_tag","embeddable":true,"href":"https:\/\/zonalimitrofe-cbnr.com\/index.php\/wp-json\/wp\/v2\/tags?post=26264"}],"curies":[{"name":"wp","href":"https:\/\/api.w.org\/{rel}","templated":true}]}}