{"id":26246,"date":"2025-10-17T21:29:08","date_gmt":"2025-10-18T03:29:08","guid":{"rendered":"https:\/\/zonalimitrofe-cbnr.com\/?p=26246"},"modified":"2025-10-17T21:29:08","modified_gmt":"2025-10-18T03:29:08","slug":"lerdo-instituto-municipal-para-las-personas-adultas-mayores-realiza-jornada-comunitaria","status":"publish","type":"post","link":"https:\/\/zonalimitrofe-cbnr.com\/index.php\/2025\/10\/17\/lerdo-instituto-municipal-para-las-personas-adultas-mayores-realiza-jornada-comunitaria\/","title":{"rendered":"#Lerdo. INSTITUTO MUNICIPAL PARA LAS PERSONAS ADULTAS MAYORES REALIZA JORNADA COMUNITARIA*"},"content":{"rendered":"\n<p>Lerdo, 17 de octubre 2025.- Siguiendo las indicaciones de la Presidenta Municipal Susy Carolina Torrecillas Salazar, el Instituto Municipal para las Personas Adultas Mayores de Lerdo llev\u00f3 a cabo esta semana, una jornada comunitaria en la localidad de Salamanca, Durango, con el objetivo de acercar los programas y servicios que ofrece la dependencia a las personas de la tercera edad.<\/p>\n\n\n\n<p>Durante la actividad, que cont\u00f3 con la colaboraci\u00f3n del jefe de cuartel H\u00e9ctor Mart\u00ednez, se realizaron pl\u00e1ticas informativas, din\u00e1micas y juegos dirigidos a promover la participaci\u00f3n y la convivencia entre las y los asistentes.<\/p>\n\n\n\n<p>Como parte de la gesti\u00f3n realizada, tambi\u00e9n se entreg\u00f3 apoyo alimenticio y prendas de vestir, contribuyendo as\u00ed a mejorar el bienestar de las personas adultas mayores a trav\u00e9s de actividades solidarias y de cercan\u00eda comunitaria.<\/p>\n\n\n\n<p>Con estas acciones, el Gobierno Municipal de Lerdo reafirma su compromiso con el bienestar y la inclusi\u00f3n de las personas adultas mayores, impulsando pol\u00edticas y programas que fortalezcan la calidad de vida de la ciudadan\u00eda lerdense.<\/p>\n","protected":false},"excerpt":{"rendered":"<p>Lerdo, 17 de octubre 2025.- Siguiendo las indicaciones de la Presidenta Municipal Susy Carolina Torrecillas Salazar, el Instituto Municipal para las Personas Adultas Mayores de Lerdo llev\u00f3 a cabo esta semana, una jornada comunitaria en la localidad de Salamanca, Durango, con el objetivo de acercar los programas y servicios que ofrece la dependencia a las [&hellip;]<\/p>\n","protected":false},"author":1,"featured_media":26247,"comment_status":"open","ping_status":"open","sticky":false,"template":"","format":"standard","meta":{"_monsterinsights_skip_tracking":false,"_monsterinsights_sitenote_active":false,"_monsterinsights_sitenote_note":"","_monsterinsights_sitenote_category":0,"footnotes":""},"categories":[1],"tags":[],"_links":{"self":[{"href":"https:\/\/zonalimitrofe-cbnr.com\/index.php\/wp-json\/wp\/v2\/posts\/26246"}],"collection":[{"href":"https:\/\/zonalimitrofe-cbnr.com\/index.php\/wp-json\/wp\/v2\/posts"}],"about":[{"href":"https:\/\/zonalimitrofe-cbnr.com\/index.php\/wp-json\/wp\/v2\/types\/post"}],"author":[{"embeddable":true,"href":"https:\/\/zonalimitrofe-cbnr.com\/index.php\/wp-json\/wp\/v2\/users\/1"}],"replies":[{"embeddable":true,"href":"https:\/\/zonalimitrofe-cbnr.com\/index.php\/wp-json\/wp\/v2\/comments?post=26246"}],"version-history":[{"count":1,"href":"https:\/\/zonalimitrofe-cbnr.com\/index.php\/wp-json\/wp\/v2\/posts\/26246\/revisions"}],"predecessor-version":[{"id":26248,"href":"https:\/\/zonalimitrofe-cbnr.com\/index.php\/wp-json\/wp\/v2\/posts\/26246\/revisions\/26248"}],"wp:featuredmedia":[{"embeddable":true,"href":"https:\/\/zonalimitrofe-cbnr.com\/index.php\/wp-json\/wp\/v2\/media\/26247"}],"wp:attachment":[{"href":"https:\/\/zonalimitrofe-cbnr.com\/index.php\/wp-json\/wp\/v2\/media?parent=26246"}],"wp:term":[{"taxonomy":"category","embeddable":true,"href":"https:\/\/zonalimitrofe-cbnr.com\/index.php\/wp-json\/wp\/v2\/categories?post=26246"},{"taxonomy":"post_tag","embeddable":true,"href":"https:\/\/zonalimitrofe-cbnr.com\/index.php\/wp-json\/wp\/v2\/tags?post=26246"}],"curies":[{"name":"wp","href":"https:\/\/api.w.org\/{rel}","templated":true}]}}