{"id":26210,"date":"2025-10-17T20:36:47","date_gmt":"2025-10-18T02:36:47","guid":{"rendered":"https:\/\/zonalimitrofe-cbnr.com\/?p=26210"},"modified":"2025-10-17T20:36:48","modified_gmt":"2025-10-18T02:36:48","slug":"uadec-entrega-uadec-en-la-unidad-laguna-la-medalla-a-la-excelencia-y-reconocimientos-a-alumnos-destacados","status":"publish","type":"post","link":"https:\/\/zonalimitrofe-cbnr.com\/index.php\/2025\/10\/17\/uadec-entrega-uadec-en-la-unidad-laguna-la-medalla-a-la-excelencia-y-reconocimientos-a-alumnos-destacados\/","title":{"rendered":"#UAdeC. Entrega UAdeC en la Unidad Laguna la Medalla a la Excelencia y Reconocimientos a Alumnos Destacados"},"content":{"rendered":"\n<p>TORRE\u00d3N, Coahuila. 17 de octubre de 2025. La Universidad Aut\u00f3noma de Coahuila a trav\u00e9s del Departamento de Asuntos Acad\u00e9micos de la Coordinaci\u00f3n de Unidad Laguna, llev\u00f3 a cabo la Vig\u00e9sima Segunda Entrega de Reconocimientos al Alto Desempe\u00f1o Acad\u00e9mico, Responsabilidad Social, Liderazgo, Deporte y Cultura, Medallas a la Excelencia y Reconocimientos a las y los alumnos que obtuvieron el mayor puntaje en el Examen de Admisi\u00f3n.<\/p>\n\n\n\n<p>En el Aula Magna del Centro Cultural \u201cBraulio Fern\u00e1ndez Aguirre\u201d, asistieron, la coordinadora de Unidad Laguna, Sandra L\u00f3pez Chavarr\u00eda, el secretario general de la coordinaci\u00f3n, Israel Castillo Hern\u00e1ndez, el jefe de Departamento de Asuntos Acad\u00e9micos, Jos\u00e9 \u00c1ngel Pineda Castro, directivos de escuelas y facultades, las y los galardonados y sus familiares.<\/p>\n\n\n\n<p>En su mensaje, la coordinadora de Unidad Laguna, Sandra L\u00f3pez Chavarr\u00eda, dijo que la Universidad Aut\u00f3noma de Coahuila se enorgullece de formar profesionales competentes y ciudadanos \u00edntegros, comprometidos con su comunidad y con un profundo sentido de responsabilidad social.<\/p>\n\n\n\n<p>Agreg\u00f3 que, la entrega de reconocimientos marca el comienzo de una nueva etapa llena de desaf\u00edos y oportunidades, \u201cEl mundo ah\u00ed afuera puede ser exigente y competitivo, pero confiamos en que cada una y cada uno de ustedes est\u00e1 preparado para enfrentar los desaf\u00edos que se presenten en su camino, sus logros hasta el momento son un testimonio de su capacidad, su dedicaci\u00f3n y su determinaci\u00f3n para alcanzar la grandeza en todo lo que se propongan\u201d.<\/p>\n\n\n\n<p>Por su parte, el jefe de Departamento de Asuntos Acad\u00e9micos, Jos\u00e9 \u00c1ngel Pineda Castro, exhort\u00f3 a los galardonados a continuar aprendiendo a trav\u00e9s del modelo educativo de la UAdeC, aprendiendo de todos es ah\u00ed donde vemos la grandeza del ser humano, les deseo que tengan experiencias inolvidables, porque siempre recordar\u00e1n esta etapa de su universidad, solamente me queda recordarles que lo m\u00e1s maravilloso de aprender es que eso nadie se los puede arrebatar\u201d.<\/p>\n\n\n\n<p>De los 288 alumnos que recibieron reconocimiento, 29 de ellos se hicieron acreedores a la Medalla a la Excelencia: de la Facultad de Econom\u00eda y Mercadotecnia, Melissa Mu\u00f1oz Mart\u00ednez y Valentina Amor Villar del Moral; Facultad de Ingenier\u00eda y Mec\u00e1nica El\u00e9ctrica, Cristian Leonardo V\u00e1zquez Robles; Facultad de Contadur\u00eda y Administraci\u00f3n, Janeth Zoraida C\u00e1rdenas P\u00e9rez, Ximena Cervantes Y\u00e1\u00f1ez, Diana Alexandra de la Hoya Gonz\u00e1lez, y Mar\u00eda Fernanda Hern\u00e1ndez Garc\u00eda.<\/p>\n\n\n\n<p>De la Escuela de Psicolog\u00eda, Abiga\u00edl Alan\u00eds Padilla Flores; Escuela de Artes Esc\u00e9nicas, Michelle Alexandra Hern\u00e1ndez Hern\u00e1ndez; Facultad de Ciencias Biol\u00f3gicas, Cynthia<\/p>\n","protected":false},"excerpt":{"rendered":"<p>TORRE\u00d3N, Coahuila. 17 de octubre de 2025. La Universidad Aut\u00f3noma de Coahuila a trav\u00e9s del Departamento de Asuntos Acad\u00e9micos de la Coordinaci\u00f3n de Unidad Laguna, llev\u00f3 a cabo la Vig\u00e9sima Segunda Entrega de Reconocimientos al Alto Desempe\u00f1o Acad\u00e9mico, Responsabilidad Social, Liderazgo, Deporte y Cultura, Medallas a la Excelencia y Reconocimientos a las y los alumnos [&hellip;]<\/p>\n","protected":false},"author":1,"featured_media":26211,"comment_status":"open","ping_status":"open","sticky":false,"template":"","format":"standard","meta":{"_monsterinsights_skip_tracking":false,"_monsterinsights_sitenote_active":false,"_monsterinsights_sitenote_note":"","_monsterinsights_sitenote_category":0,"footnotes":""},"categories":[1],"tags":[],"_links":{"self":[{"href":"https:\/\/zonalimitrofe-cbnr.com\/index.php\/wp-json\/wp\/v2\/posts\/26210"}],"collection":[{"href":"https:\/\/zonalimitrofe-cbnr.com\/index.php\/wp-json\/wp\/v2\/posts"}],"about":[{"href":"https:\/\/zonalimitrofe-cbnr.com\/index.php\/wp-json\/wp\/v2\/types\/post"}],"author":[{"embeddable":true,"href":"https:\/\/zonalimitrofe-cbnr.com\/index.php\/wp-json\/wp\/v2\/users\/1"}],"replies":[{"embeddable":true,"href":"https:\/\/zonalimitrofe-cbnr.com\/index.php\/wp-json\/wp\/v2\/comments?post=26210"}],"version-history":[{"count":1,"href":"https:\/\/zonalimitrofe-cbnr.com\/index.php\/wp-json\/wp\/v2\/posts\/26210\/revisions"}],"predecessor-version":[{"id":26212,"href":"https:\/\/zonalimitrofe-cbnr.com\/index.php\/wp-json\/wp\/v2\/posts\/26210\/revisions\/26212"}],"wp:featuredmedia":[{"embeddable":true,"href":"https:\/\/zonalimitrofe-cbnr.com\/index.php\/wp-json\/wp\/v2\/media\/26211"}],"wp:attachment":[{"href":"https:\/\/zonalimitrofe-cbnr.com\/index.php\/wp-json\/wp\/v2\/media?parent=26210"}],"wp:term":[{"taxonomy":"category","embeddable":true,"href":"https:\/\/zonalimitrofe-cbnr.com\/index.php\/wp-json\/wp\/v2\/categories?post=26210"},{"taxonomy":"post_tag","embeddable":true,"href":"https:\/\/zonalimitrofe-cbnr.com\/index.php\/wp-json\/wp\/v2\/tags?post=26210"}],"curies":[{"name":"wp","href":"https:\/\/api.w.org\/{rel}","templated":true}]}}