{"id":26206,"date":"2025-10-16T20:31:08","date_gmt":"2025-10-17T02:31:08","guid":{"rendered":"https:\/\/zonalimitrofe-cbnr.com\/?p=26206"},"modified":"2025-10-16T20:32:46","modified_gmt":"2025-10-17T02:32:46","slug":"congresocoahuila-realiza-reconocimiento-al-instituto-tecnologico-de-la-laguna","status":"publish","type":"post","link":"https:\/\/zonalimitrofe-cbnr.com\/index.php\/2025\/10\/16\/congresocoahuila-realiza-reconocimiento-al-instituto-tecnologico-de-la-laguna\/","title":{"rendered":"#CongresoCoahuila. Realiza reconocimiento al Instituto Tecnol\u00f3gico de la Laguna"},"content":{"rendered":"\n<p><strong>Saltillo, Coahuila, 18 de octubre de 2025.- <\/strong>En presencia de directivos, personal docente y alumnado, las diputadas y diputados de la Sexag\u00e9sima Tercera Legislatura hicieron un reconocimiento al Instituto Tecnol\u00f3gico de la Laguna, del Tecnol\u00f3gico Nacional de M\u00e9xico con motivo del 60 Aniversario de esta instituci\u00f3n que ha sido motor de transformaci\u00f3n educativa, cient\u00edfica y humana en nuestra la Comarca Lagunera y en todo el pa\u00eds. La diputada Olivia Mart\u00ednez Leyva dio lectura a un pronunciamiento mediante el cual record\u00f3 que en 1965, gracias al esfuerzo conjunto de egresados del Polit\u00e9cnico Nacional, el sector productivo y autoridades, el Instituto Tecnol\u00f3gico de la Laguna naci\u00f3 como respuesta a la necesidad de formar profesionales t\u00e9cnicos capaces de impulsar el desarrollo regional. \u201cEl Tecnol\u00f3gico de La Laguna ha formado a m\u00e1s de 26,000 profesionistas que han llevado el nombre de nuestra tierra por todo M\u00e9xico y m\u00e1s all\u00e1 de nuestras fronteras. Cuenta con 11 ingenier\u00edas, programas de posgrado reconocidos internacionalmente, hoy son m\u00e1s de 5,000 estudiantes los que forman parte de esta gran instituci\u00f3n, que no solo educa, transforma vidas y construye futuro\u201d expres\u00f3 Olivia Mart\u00ednez. En el pronunciamiento se agradeci\u00f3 a los docentes que d\u00eda a d\u00eda siembran conocimiento y valores en los j\u00f3venes, a los administrativos y trabajadores que mantienen viva esta instituci\u00f3n, a cada egresado que con su trabajo digno honra el nombre del Tecnol\u00f3gico y de La Laguna. \u201cCompa\u00f1eras y compa\u00f1eros legisladores, el Instituto Tecnol\u00f3gico de La Laguna es mucho m\u00e1s que una instituci\u00f3n educativa. Es la prueba viviente de que cuando una comunidad se une con prop\u00f3sito y visi\u00f3n, no hay l\u00edmites para lo que puede alcanzar. Es el testimonio de que La Laguna, nuestra tierra de trabajo y temple, sabe formar no solo profesionistas, sino ciudadanos comprometidos con el desarrollo de M\u00e9xico\u201d manifest\u00f3. Posteriormente las diputadas y diputados entregaron a los integrantes de la instituci\u00f3n, una placa conmemorativa a este aniversario, como un reconocimiento y recordatorio del compromiso con la educaci\u00f3n superior, con la ciencia, la tecnolog\u00eda y con la juventud.<\/p>\n","protected":false},"excerpt":{"rendered":"<p>Saltillo, Coahuila, 18 de octubre de 2025.- En presencia de directivos, personal docente y alumnado, las diputadas y diputados de la Sexag\u00e9sima Tercera Legislatura hicieron un reconocimiento al Instituto Tecnol\u00f3gico de la Laguna, del Tecnol\u00f3gico Nacional de M\u00e9xico con motivo del 60 Aniversario de esta instituci\u00f3n que ha sido motor de transformaci\u00f3n educativa, cient\u00edfica y [&hellip;]<\/p>\n","protected":false},"author":1,"featured_media":26207,"comment_status":"open","ping_status":"open","sticky":false,"template":"","format":"standard","meta":{"_monsterinsights_skip_tracking":false,"_monsterinsights_sitenote_active":false,"_monsterinsights_sitenote_note":"","_monsterinsights_sitenote_category":0,"footnotes":""},"categories":[1],"tags":[],"_links":{"self":[{"href":"https:\/\/zonalimitrofe-cbnr.com\/index.php\/wp-json\/wp\/v2\/posts\/26206"}],"collection":[{"href":"https:\/\/zonalimitrofe-cbnr.com\/index.php\/wp-json\/wp\/v2\/posts"}],"about":[{"href":"https:\/\/zonalimitrofe-cbnr.com\/index.php\/wp-json\/wp\/v2\/types\/post"}],"author":[{"embeddable":true,"href":"https:\/\/zonalimitrofe-cbnr.com\/index.php\/wp-json\/wp\/v2\/users\/1"}],"replies":[{"embeddable":true,"href":"https:\/\/zonalimitrofe-cbnr.com\/index.php\/wp-json\/wp\/v2\/comments?post=26206"}],"version-history":[{"count":2,"href":"https:\/\/zonalimitrofe-cbnr.com\/index.php\/wp-json\/wp\/v2\/posts\/26206\/revisions"}],"predecessor-version":[{"id":26209,"href":"https:\/\/zonalimitrofe-cbnr.com\/index.php\/wp-json\/wp\/v2\/posts\/26206\/revisions\/26209"}],"wp:featuredmedia":[{"embeddable":true,"href":"https:\/\/zonalimitrofe-cbnr.com\/index.php\/wp-json\/wp\/v2\/media\/26207"}],"wp:attachment":[{"href":"https:\/\/zonalimitrofe-cbnr.com\/index.php\/wp-json\/wp\/v2\/media?parent=26206"}],"wp:term":[{"taxonomy":"category","embeddable":true,"href":"https:\/\/zonalimitrofe-cbnr.com\/index.php\/wp-json\/wp\/v2\/categories?post=26206"},{"taxonomy":"post_tag","embeddable":true,"href":"https:\/\/zonalimitrofe-cbnr.com\/index.php\/wp-json\/wp\/v2\/tags?post=26206"}],"curies":[{"name":"wp","href":"https:\/\/api.w.org\/{rel}","templated":true}]}}