{"id":26203,"date":"2025-10-16T20:27:48","date_gmt":"2025-10-17T02:27:48","guid":{"rendered":"https:\/\/zonalimitrofe-cbnr.com\/?p=26203"},"modified":"2025-10-16T20:27:48","modified_gmt":"2025-10-17T02:27:48","slug":"torreon-la-direccion-de-desarrollo-economico-lanza-la-iniciativa-vision-laguna-2026","status":"publish","type":"post","link":"https:\/\/zonalimitrofe-cbnr.com\/index.php\/2025\/10\/16\/torreon-la-direccion-de-desarrollo-economico-lanza-la-iniciativa-vision-laguna-2026\/","title":{"rendered":"#Torre\u00f3n. La Direcci\u00f3n de Desarrollo Econ\u00f3mico lanza la iniciativa \u201cVisi\u00f3n Laguna 2026\u201d"},"content":{"rendered":"\n<p>Torre\u00f3n, Coahuila. A 16 de octubre de 2025<\/p>\n\n\n\n<p>Con el prop\u00f3sito de posicionar a la regi\u00f3n dentro del proceso de revisi\u00f3n del Tratado entre M\u00e9xico, Estados Unidos y Canad\u00e1 (T-MEC) programado para el pr\u00f3ximo a\u00f1o, la Direcci\u00f3n de Desarrollo Econ\u00f3mico de Torre\u00f3n lanz\u00f3 la iniciativa \u201cVisi\u00f3n Laguna 2026\u201d, un esfuerzo colectivo que busca consolidar las inquietudes, propuestas y prioridades de los sectores estrat\u00e9gicos, en un documento \u00fanico y representativo.<\/p>\n\n\n\n<p>Marcelo Vald\u00e9s Quintanilla, director de la dependencia, inform\u00f3 que sostuvo una reuni\u00f3n con representantes de c\u00e1maras y organismos empresariales, con quienes se defini\u00f3 una meta clara: que la voz de La Laguna se escuche con claridad y fuerza ante quienes toman las decisiones nacionales e internacionales.<\/p>\n\n\n\n<p>Por ello, dijo, los convoc\u00f3 a sumarse con ideas que contribuyan a unir esfuerzos, articular ideas y definir una postura com\u00fan que indique el rumbo econ\u00f3mico del pa\u00eds desde una perspectiva regional.<\/p>\n\n\n\n<p>Expres\u00f3 que esta iniciativa cuenta con el respaldo del alcalde Rom\u00e1n Alberto Cepeda Gonz\u00e1lez, y destac\u00f3 que La Laguna tiene el talento y cuenta con la infraestructura y la visi\u00f3n para ser protagonista en el nuevo cap\u00edtulo del T-MEC.<\/p>\n\n\n\n<p>\u201cEl 2026 est\u00e1 m\u00e1s cerca de lo que parece. Necesitamos una agenda bien estructurada, respaldada por todos los sectores, para garantizar que nuestras demandas y propuestas tengan eco en el proceso de revisi\u00f3n del tratado\u201d, resalt\u00f3.<\/p>\n\n\n\n<p>Se\u00f1al\u00f3 que adem\u00e1s de ser un ejercicio de planeaci\u00f3n estrat\u00e9gica, \u201cVisi\u00f3n Laguna 2026\u201d representa una plataforma de colaboraci\u00f3n sin precedentes en la regi\u00f3n.<\/p>\n\n\n\n<p>\u201cSu prop\u00f3sito no es solo influir en el proceso de revisi\u00f3n del T-MEC, sino tambi\u00e9n fortalecer la competitividad regional, promover la atracci\u00f3n de inversiones y proteger los intereses productivos de La Laguna\u201d, mencion\u00f3.<\/p>\n\n\n\n<p>Agreg\u00f3 que la revisi\u00f3n del tratado representa una coyuntura clave para el futuro econ\u00f3mico de M\u00e9xico y Torre\u00f3n no puede quedar fuera de esta conversaci\u00f3n. Por lo cual, este esfuerzo busca garantizar que las fortalezas, necesidades y propuestas tengan un lugar en la mesa.<\/p>\n","protected":false},"excerpt":{"rendered":"<p>Torre\u00f3n, Coahuila. A 16 de octubre de 2025 Con el prop\u00f3sito de posicionar a la regi\u00f3n dentro del proceso de revisi\u00f3n del Tratado entre M\u00e9xico, Estados Unidos y Canad\u00e1 (T-MEC) programado para el pr\u00f3ximo a\u00f1o, la Direcci\u00f3n de Desarrollo Econ\u00f3mico de Torre\u00f3n lanz\u00f3 la iniciativa \u201cVisi\u00f3n Laguna 2026\u201d, un esfuerzo colectivo que busca consolidar las [&hellip;]<\/p>\n","protected":false},"author":1,"featured_media":26204,"comment_status":"open","ping_status":"open","sticky":false,"template":"","format":"standard","meta":{"_monsterinsights_skip_tracking":false,"_monsterinsights_sitenote_active":false,"_monsterinsights_sitenote_note":"","_monsterinsights_sitenote_category":0,"footnotes":""},"categories":[1],"tags":[],"_links":{"self":[{"href":"https:\/\/zonalimitrofe-cbnr.com\/index.php\/wp-json\/wp\/v2\/posts\/26203"}],"collection":[{"href":"https:\/\/zonalimitrofe-cbnr.com\/index.php\/wp-json\/wp\/v2\/posts"}],"about":[{"href":"https:\/\/zonalimitrofe-cbnr.com\/index.php\/wp-json\/wp\/v2\/types\/post"}],"author":[{"embeddable":true,"href":"https:\/\/zonalimitrofe-cbnr.com\/index.php\/wp-json\/wp\/v2\/users\/1"}],"replies":[{"embeddable":true,"href":"https:\/\/zonalimitrofe-cbnr.com\/index.php\/wp-json\/wp\/v2\/comments?post=26203"}],"version-history":[{"count":1,"href":"https:\/\/zonalimitrofe-cbnr.com\/index.php\/wp-json\/wp\/v2\/posts\/26203\/revisions"}],"predecessor-version":[{"id":26205,"href":"https:\/\/zonalimitrofe-cbnr.com\/index.php\/wp-json\/wp\/v2\/posts\/26203\/revisions\/26205"}],"wp:featuredmedia":[{"embeddable":true,"href":"https:\/\/zonalimitrofe-cbnr.com\/index.php\/wp-json\/wp\/v2\/media\/26204"}],"wp:attachment":[{"href":"https:\/\/zonalimitrofe-cbnr.com\/index.php\/wp-json\/wp\/v2\/media?parent=26203"}],"wp:term":[{"taxonomy":"category","embeddable":true,"href":"https:\/\/zonalimitrofe-cbnr.com\/index.php\/wp-json\/wp\/v2\/categories?post=26203"},{"taxonomy":"post_tag","embeddable":true,"href":"https:\/\/zonalimitrofe-cbnr.com\/index.php\/wp-json\/wp\/v2\/tags?post=26203"}],"curies":[{"name":"wp","href":"https:\/\/api.w.org\/{rel}","templated":true}]}}