{"id":26166,"date":"2025-10-16T10:12:27","date_gmt":"2025-10-16T16:12:27","guid":{"rendered":"https:\/\/zonalimitrofe-cbnr.com\/?p=26166"},"modified":"2025-10-16T10:12:27","modified_gmt":"2025-10-16T16:12:27","slug":"lerdo-exhorta-proteccion-civil-no-nadar-en-rio-nazas","status":"publish","type":"post","link":"https:\/\/zonalimitrofe-cbnr.com\/index.php\/2025\/10\/16\/lerdo-exhorta-proteccion-civil-no-nadar-en-rio-nazas\/","title":{"rendered":"#Lerdo. EXHORTA PROTECCI\u00d3N CIVIL NO NADAR EN R\u00cdO NAZAS*"},"content":{"rendered":"\n<ul>\n<li>Joven se introduce y permanece en estatus de desaparecido<\/li>\n<\/ul>\n\n\n\n<p>Lerdo, 16 de octubre 2025.- La direcci\u00f3n de Protecci\u00f3n Civil y Bomberos, lamento la desaparici\u00f3n de un joven de 18 a\u00f1os de edad originario de Torre\u00f3n, Coahuila, quien se introdujo a nadar al R\u00edo Nazas, paraje donde inicia el Ca\u00f1\u00f3n de Fern\u00e1ndez, y no logr\u00f3 salir del espacio,<\/p>\n\n\n\n<p>Sinhue de Jes\u00fas Ortiz, director de la corporaci\u00f3n, mencion\u00f3 que de manera inmediata y gracias a la coordinaci\u00f3n con las autoridades del Ejido Nuevo Graseros, habitantes y pescadores, el equipo de reacci\u00f3n de Bomberos, Protecci\u00f3n Civil, Seguridad P\u00fablica, y Buzos, acudieron a la ubicaci\u00f3n se\u00f1alada como la \u00faltima en verse visto el joven llamado Alberto Barajas de 18 a\u00f1os de edad.<\/p>\n\n\n\n<p>Sin embargo, a pesar de la intensa b\u00fasqueda que abarco alrededor de 5:00 horas y dado el clima al interior del agua y la visibilidad, se suspendi\u00f3 la b\u00fasqueda, reanud\u00e1ndose este jueves en punto de las 7:00 de la ma\u00f1ana.<\/p>\n\n\n\n<p>El funcionario precis\u00f3 que, desde el momento en recibir el reporte, la indicaci\u00f3n de la Presidenta Municipal, ha sido clara, trabajar de manera incansable para la recuperaci\u00f3n del cuerpo, para su posterior entrega a las autoridades correspondientes, y que de esta manera sea entregado a la familia para su descanso eterno.<\/p>\n\n\n\n<p>00205<\/p>\n","protected":false},"excerpt":{"rendered":"<p>Lerdo, 16 de octubre 2025.- La direcci\u00f3n de Protecci\u00f3n Civil y Bomberos, lamento la desaparici\u00f3n de un joven de 18 a\u00f1os de edad originario de Torre\u00f3n, Coahuila, quien se introdujo a nadar al R\u00edo Nazas, paraje donde inicia el Ca\u00f1\u00f3n de Fern\u00e1ndez, y no logr\u00f3 salir del espacio, Sinhue de Jes\u00fas Ortiz, director de la [&hellip;]<\/p>\n","protected":false},"author":1,"featured_media":26167,"comment_status":"open","ping_status":"open","sticky":false,"template":"","format":"standard","meta":{"_monsterinsights_skip_tracking":false,"_monsterinsights_sitenote_active":false,"_monsterinsights_sitenote_note":"","_monsterinsights_sitenote_category":0,"footnotes":""},"categories":[1],"tags":[],"_links":{"self":[{"href":"https:\/\/zonalimitrofe-cbnr.com\/index.php\/wp-json\/wp\/v2\/posts\/26166"}],"collection":[{"href":"https:\/\/zonalimitrofe-cbnr.com\/index.php\/wp-json\/wp\/v2\/posts"}],"about":[{"href":"https:\/\/zonalimitrofe-cbnr.com\/index.php\/wp-json\/wp\/v2\/types\/post"}],"author":[{"embeddable":true,"href":"https:\/\/zonalimitrofe-cbnr.com\/index.php\/wp-json\/wp\/v2\/users\/1"}],"replies":[{"embeddable":true,"href":"https:\/\/zonalimitrofe-cbnr.com\/index.php\/wp-json\/wp\/v2\/comments?post=26166"}],"version-history":[{"count":1,"href":"https:\/\/zonalimitrofe-cbnr.com\/index.php\/wp-json\/wp\/v2\/posts\/26166\/revisions"}],"predecessor-version":[{"id":26168,"href":"https:\/\/zonalimitrofe-cbnr.com\/index.php\/wp-json\/wp\/v2\/posts\/26166\/revisions\/26168"}],"wp:featuredmedia":[{"embeddable":true,"href":"https:\/\/zonalimitrofe-cbnr.com\/index.php\/wp-json\/wp\/v2\/media\/26167"}],"wp:attachment":[{"href":"https:\/\/zonalimitrofe-cbnr.com\/index.php\/wp-json\/wp\/v2\/media?parent=26166"}],"wp:term":[{"taxonomy":"category","embeddable":true,"href":"https:\/\/zonalimitrofe-cbnr.com\/index.php\/wp-json\/wp\/v2\/categories?post=26166"},{"taxonomy":"post_tag","embeddable":true,"href":"https:\/\/zonalimitrofe-cbnr.com\/index.php\/wp-json\/wp\/v2\/tags?post=26166"}],"curies":[{"name":"wp","href":"https:\/\/api.w.org\/{rel}","templated":true}]}}