{"id":26149,"date":"2025-10-16T09:58:14","date_gmt":"2025-10-16T15:58:14","guid":{"rendered":"https:\/\/zonalimitrofe-cbnr.com\/?p=26149"},"modified":"2025-10-16T09:58:15","modified_gmt":"2025-10-16T15:58:15","slug":"durango-esteban-villegas-envia-la-ruta-de-la-salud-de-durango-a-veracruz-para-apoyar-a-comunidades-afectadas-por-las-inundaciones","status":"publish","type":"post","link":"https:\/\/zonalimitrofe-cbnr.com\/index.php\/2025\/10\/16\/durango-esteban-villegas-envia-la-ruta-de-la-salud-de-durango-a-veracruz-para-apoyar-a-comunidades-afectadas-por-las-inundaciones\/","title":{"rendered":"#Durango. Esteban Villegas env\u00eda la Ruta de la Salud de Durango a Veracruz para apoyar a comunidades afectadas por las inundaciones*"},"content":{"rendered":"\n<ul>\n<li><em>El hospital sobre ruedas llevar\u00e1 servicios de cirug\u00eda, rayos X, mastograf\u00edas, consultas y atenci\u00f3n m\u00e9dica integral a las zonas m\u00e1s da\u00f1adas del sur del pa\u00eds.<\/em><\/li>\n\n\n\n<li><em>Tambi\u00e9n se aplicar\u00e1n vacunas contra influenza y neumococo para prevenir brotes y enfermedades.<\/em><\/li>\n<\/ul>\n\n\n\n<p>Como un gesto solidario que refleja el esp\u00edritu de ayuda entre los mexicanos, el gobernador Esteban Villegas Villarreal anunci\u00f3 el env\u00edo de la Ruta de la Salud de Durango al estado de Veracruz, donde comunidades enteras se encuentran afectadas por las recientes inundaciones. Este hospital sobre ruedas recorrer\u00e1 distintas zonas para brindar atenci\u00f3n m\u00e9dica gratuita a familias que perdieron su patrimonio y cuyos servicios de salud quedaron inhabilitados.<\/p>\n\n\n\n<p>\u201cVamos a desviar la Ruta de la Salud unos d\u00edas para apoyar a nuestros hermanos del sur. Nadie tiene una ruta como la que tenemos en Durango: lleva quir\u00f3fano, rayos X, ultrasonido, odontolog\u00eda, mast\u00f3grafo y laboratorio cl\u00ednico. Son alrededor de ocho camiones con todo el equipo m\u00e9dico y cerca de 80 personas que saldr\u00e1n desde Durango para atender a quienes hoy m\u00e1s lo necesitan\u201d, explic\u00f3 Villegas Villarreal.<\/p>\n\n\n\n<p>El gobernador detall\u00f3 que el convoy m\u00e9dico partir\u00e1 el jueves 16 de octubre a las 6:30 de la ma\u00f1ana, con un recorrido de m\u00e1s de 14 horas hasta su destino, donde permanecer\u00e1 alrededor de 15 d\u00edas, tiempo en el que ofrecer\u00e1 cirug\u00edas menores, estudios de diagn\u00f3stico, consultas generales y servicios de laboratorio en distintas comunidades. \u201cLa ventaja es que este hospital es m\u00f3vil, puede instalarse dos d\u00edas en un lugar y despu\u00e9s trasladarse a otro, para cubrir m\u00e1s territorio y aliviar parte del rezago que dej\u00f3 la emergencia\u201d, agreg\u00f3.<\/p>\n\n\n\n<p>Esteban Villegas explic\u00f3 que, tras hablar con la Secretar\u00eda de Salud, se confirm\u00f3 que ning\u00fan otro estado cuenta con una unidad m\u00e9dica como la Ruta de la Salud de Durango, capaz de brindar tantos servicios de manera m\u00f3vil. Indic\u00f3 que el convoy lleva todo el equipo necesario y vacunas contra influenza y neumococo, para proteger a la poblaci\u00f3n y evitar enfermedades despu\u00e9s de la emergencia.<\/p>\n\n\n\n<p>Se\u00f1al\u00f3 que esta acci\u00f3n no significa una pausa definitiva en la Ruta de la Salud dentro del estado, sino una muestra de solidaridad temporal. \u201cCuando termine su labor en Veracruz y se hayan restablecido los servicios, regresar\u00e1 a Durango para su mantenimiento y reactivaci\u00f3n. El traslado y la operaci\u00f3n los cubriremos nosotros; ser\u00eda il\u00f3gico que ellos tuvieran que hacerlo cuando lo que necesitan es apoyo\u201d, afirm\u00f3.<\/p>\n\n\n\n<p>Con esta decisi\u00f3n, Durango pone su capacidad m\u00e9dica al servicio de M\u00e9xico, sumando tecnolog\u00eda, personal especializado y voluntad para ayudar a quienes hoy enfrentan un momento dif\u00edcil. \u201cLos duranguenses sabemos lo que es necesitar apoyo, y hoy nos toca compartir lo que tenemos\u201d, concluy\u00f3 Esteban Villegas.<\/p>\n","protected":false},"excerpt":{"rendered":"<p>Como un gesto solidario que refleja el esp\u00edritu de ayuda entre los mexicanos, el gobernador Esteban Villegas Villarreal anunci\u00f3 el env\u00edo de la Ruta de la Salud de Durango al estado de Veracruz, donde comunidades enteras se encuentran afectadas por las recientes inundaciones. Este hospital sobre ruedas recorrer\u00e1 distintas zonas para brindar atenci\u00f3n m\u00e9dica gratuita [&hellip;]<\/p>\n","protected":false},"author":1,"featured_media":26150,"comment_status":"open","ping_status":"open","sticky":false,"template":"","format":"standard","meta":{"_monsterinsights_skip_tracking":false,"_monsterinsights_sitenote_active":false,"_monsterinsights_sitenote_note":"","_monsterinsights_sitenote_category":0,"footnotes":""},"categories":[1],"tags":[],"_links":{"self":[{"href":"https:\/\/zonalimitrofe-cbnr.com\/index.php\/wp-json\/wp\/v2\/posts\/26149"}],"collection":[{"href":"https:\/\/zonalimitrofe-cbnr.com\/index.php\/wp-json\/wp\/v2\/posts"}],"about":[{"href":"https:\/\/zonalimitrofe-cbnr.com\/index.php\/wp-json\/wp\/v2\/types\/post"}],"author":[{"embeddable":true,"href":"https:\/\/zonalimitrofe-cbnr.com\/index.php\/wp-json\/wp\/v2\/users\/1"}],"replies":[{"embeddable":true,"href":"https:\/\/zonalimitrofe-cbnr.com\/index.php\/wp-json\/wp\/v2\/comments?post=26149"}],"version-history":[{"count":1,"href":"https:\/\/zonalimitrofe-cbnr.com\/index.php\/wp-json\/wp\/v2\/posts\/26149\/revisions"}],"predecessor-version":[{"id":26151,"href":"https:\/\/zonalimitrofe-cbnr.com\/index.php\/wp-json\/wp\/v2\/posts\/26149\/revisions\/26151"}],"wp:featuredmedia":[{"embeddable":true,"href":"https:\/\/zonalimitrofe-cbnr.com\/index.php\/wp-json\/wp\/v2\/media\/26150"}],"wp:attachment":[{"href":"https:\/\/zonalimitrofe-cbnr.com\/index.php\/wp-json\/wp\/v2\/media?parent=26149"}],"wp:term":[{"taxonomy":"category","embeddable":true,"href":"https:\/\/zonalimitrofe-cbnr.com\/index.php\/wp-json\/wp\/v2\/categories?post=26149"},{"taxonomy":"post_tag","embeddable":true,"href":"https:\/\/zonalimitrofe-cbnr.com\/index.php\/wp-json\/wp\/v2\/tags?post=26149"}],"curies":[{"name":"wp","href":"https:\/\/api.w.org\/{rel}","templated":true}]}}