{"id":26140,"date":"2025-10-15T22:07:15","date_gmt":"2025-10-16T04:07:15","guid":{"rendered":"https:\/\/zonalimitrofe-cbnr.com\/?p=26140"},"modified":"2025-10-15T22:07:16","modified_gmt":"2025-10-16T04:07:16","slug":"durango-gobierno-de-durango-promueve-la-participacion-ciudadana-en-la-consulta-nacional-sobre-el-tratado-entre-mexico-estados-unidos-y-canada","status":"publish","type":"post","link":"https:\/\/zonalimitrofe-cbnr.com\/index.php\/2025\/10\/15\/durango-gobierno-de-durango-promueve-la-participacion-ciudadana-en-la-consulta-nacional-sobre-el-tratado-entre-mexico-estados-unidos-y-canada\/","title":{"rendered":"#Durango. Gobierno de Durango promueve la participaci\u00f3n ciudadana en la consulta nacional sobre el Tratado entre M\u00e9xico, Estados Unidos y Canad\u00e1*"},"content":{"rendered":"\n<ul>\n<li>_Empresarios, productores y sociedad en general pueden expresar sus opiniones sobre el T-MEC.-<\/li>\n\n\n\n<li><em>Se busca que la voz de los duranguenses sea escuchada en las decisiones que impactan el desarrollo econ\u00f3mico del pa\u00eds.<\/em><\/li>\n<\/ul>\n\n\n\n<p>El Gobierno del Estado, a trav\u00e9s de la Secretar\u00eda de Desarrollo Econ\u00f3mico (Sedeco), invita a los duranguenses a participar en la Consulta P\u00fablica sobre el Tratado entre M\u00e9xico, Estados Unidos y Canad\u00e1, un ejercicio nacional que busca escuchar la voz de la ciudadan\u00eda, reunir propuestas y fortalecer las pol\u00edticas comerciales del pa\u00eds, para que los beneficios del acuerdo lleguen a todos los sectores productivos.<\/p>\n\n\n\n<p>El titular de la Sedeco, Fernando Rosas Palafox, inform\u00f3 que esta consulta est\u00e1 abierta a ciudadanos, c\u00e1maras empresariales, productores, emprendedores y sectores interesados, con el prop\u00f3sito de recopilar ideas que contribuyan a mejorar las condiciones comerciales y la competitividad nacional.<\/p>\n\n\n\n<p>Rosas Palafox destac\u00f3 que el T-MEC representa un pilar para el crecimiento econ\u00f3mico de M\u00e9xico y una oportunidad para que Durango consolide su presencia en los mercados internacionales. Por ello, la participaci\u00f3n activa de los distintos sectores locales es clave para garantizar que el tratado beneficie a todas las actividades productivas.<\/p>\n\n\n\n<p>La Secretar\u00eda de Desarrollo Econ\u00f3mico trabaja de manera coordinada con la Secretar\u00eda de Econom\u00eda federal, impulsando la inclusi\u00f3n de la ciudadan\u00eda en la revisi\u00f3n del acuerdo comercial m\u00e1s importante de Norteam\u00e9rica. \u201cCada voz cuenta en la construcci\u00f3n de un M\u00e9xico m\u00e1s fuerte y competitivo\u201d, subray\u00f3 el funcionario estatal.<\/p>\n\n\n\n<p>La consulta se encuentra disponible en l\u00ednea para todos los interesados en aportar sus opiniones y sugerencias. Basta con escanear el c\u00f3digo QR o ingresar al enlace oficial: https:\/\/forms.gle\/ja4GFZnQbPwRN6Ky8 y responder el cuestionario.<\/p>\n\n\n\n<p>La convocatoria representa una oportunidad para que la sociedad duranguense participe y aporte al crecimiento econ\u00f3mico del estado, en un ejercicio que refuerza la colaboraci\u00f3n entre gobierno y ciudadan\u00eda para construir un futuro m\u00e1s competitivo y pr\u00f3spero.<\/p>\n","protected":false},"excerpt":{"rendered":"<p>El Gobierno del Estado, a trav\u00e9s de la Secretar\u00eda de Desarrollo Econ\u00f3mico (Sedeco), invita a los duranguenses a participar en la Consulta P\u00fablica sobre el Tratado entre M\u00e9xico, Estados Unidos y Canad\u00e1, un ejercicio nacional que busca escuchar la voz de la ciudadan\u00eda, reunir propuestas y fortalecer las pol\u00edticas comerciales del pa\u00eds, para que los [&hellip;]<\/p>\n","protected":false},"author":1,"featured_media":26141,"comment_status":"open","ping_status":"open","sticky":false,"template":"","format":"standard","meta":{"_monsterinsights_skip_tracking":false,"_monsterinsights_sitenote_active":false,"_monsterinsights_sitenote_note":"","_monsterinsights_sitenote_category":0,"footnotes":""},"categories":[1],"tags":[],"_links":{"self":[{"href":"https:\/\/zonalimitrofe-cbnr.com\/index.php\/wp-json\/wp\/v2\/posts\/26140"}],"collection":[{"href":"https:\/\/zonalimitrofe-cbnr.com\/index.php\/wp-json\/wp\/v2\/posts"}],"about":[{"href":"https:\/\/zonalimitrofe-cbnr.com\/index.php\/wp-json\/wp\/v2\/types\/post"}],"author":[{"embeddable":true,"href":"https:\/\/zonalimitrofe-cbnr.com\/index.php\/wp-json\/wp\/v2\/users\/1"}],"replies":[{"embeddable":true,"href":"https:\/\/zonalimitrofe-cbnr.com\/index.php\/wp-json\/wp\/v2\/comments?post=26140"}],"version-history":[{"count":1,"href":"https:\/\/zonalimitrofe-cbnr.com\/index.php\/wp-json\/wp\/v2\/posts\/26140\/revisions"}],"predecessor-version":[{"id":26142,"href":"https:\/\/zonalimitrofe-cbnr.com\/index.php\/wp-json\/wp\/v2\/posts\/26140\/revisions\/26142"}],"wp:featuredmedia":[{"embeddable":true,"href":"https:\/\/zonalimitrofe-cbnr.com\/index.php\/wp-json\/wp\/v2\/media\/26141"}],"wp:attachment":[{"href":"https:\/\/zonalimitrofe-cbnr.com\/index.php\/wp-json\/wp\/v2\/media?parent=26140"}],"wp:term":[{"taxonomy":"category","embeddable":true,"href":"https:\/\/zonalimitrofe-cbnr.com\/index.php\/wp-json\/wp\/v2\/categories?post=26140"},{"taxonomy":"post_tag","embeddable":true,"href":"https:\/\/zonalimitrofe-cbnr.com\/index.php\/wp-json\/wp\/v2\/tags?post=26140"}],"curies":[{"name":"wp","href":"https:\/\/api.w.org\/{rel}","templated":true}]}}