{"id":26114,"date":"2025-10-14T21:18:46","date_gmt":"2025-10-15T03:18:46","guid":{"rendered":"https:\/\/zonalimitrofe-cbnr.com\/?p=26114"},"modified":"2025-10-14T21:18:46","modified_gmt":"2025-10-15T03:18:46","slug":"torreon-unidad-de-prevencion-social-de-la-violencia-suma-mas-de-100-encuestas-de-diagnostico-a-estudiantes","status":"publish","type":"post","link":"https:\/\/zonalimitrofe-cbnr.com\/index.php\/2025\/10\/14\/torreon-unidad-de-prevencion-social-de-la-violencia-suma-mas-de-100-encuestas-de-diagnostico-a-estudiantes\/","title":{"rendered":"#Torre\u00f3n. Unidad de Prevenci\u00f3n Social de la Violencia suma m\u00e1s de 100 encuestas de diagn\u00f3stico a estudiantes"},"content":{"rendered":"\n<p><strong>Torre\u00f3n, Coahuila a 14 de octubre del 2025.- L<\/strong>a Unidad de Prevenci\u00f3n Social de la Violencia realiz\u00f3 la aplicaci\u00f3n de encuestas diagn\u00f3sticas en diversas instituciones educativas, logrando hasta el momento un total de 130 pruebas a estudiantes de secundaria y preparatoria, con el objetivo de identificar factores de riesgo que puedan afectar el bienestar de los adolescentes. Blanca \u00c1lvarez Garza, titular de la dependencia, describi\u00f3 que estas encuestas abordan temas relacionados con el consumo de sustancias psicoactivas, el entorno familiar y la gesti\u00f3n emocional de cada encuestado. Explic\u00f3 que la finalidad del diagn\u00f3stico es recabar informaci\u00f3n clave sobre las problem\u00e1ticas que enfrentan los estudiantes y sus comunidades escolares. \u201cEste diagn\u00f3stico permitir\u00e1 dise\u00f1ar e implementar talleres preventivos acordes con las necesidades espec\u00edficas de cada plantel y grupo, fortaleciendo as\u00ed las estrategias de intervenci\u00f3n social\u201d, indic\u00f3. La funcionaria destac\u00f3 que la salud mental en la adolescencia es un tema prioritario, ya que esta etapa est\u00e1 marcada por importantes cambios f\u00edsicos, emocionales y sociales. \u201cDurante este periodo, las y los j\u00f3venes enfrentan presiones internas y externas como la b\u00fasqueda de identidad, la presi\u00f3n social, el rendimiento acad\u00e9mico y las expectativas familiares, factores que pueden influir directamente en su estabilidad emocional y psicol\u00f3gica\u201d, agreg\u00f3 la directora. Dijo que una vez concluido el diagn\u00f3stico, se programan talleres enfocados en fortalecer habilidades y prevenir conductas de riesgo en cada centro escolar, donde algunos de los temas abordados son: gesti\u00f3n emocional, toma de decisiones, manejo de la ira, tolerancia a la frustraci\u00f3n, autoestima, comunicaci\u00f3n asertiva y resoluci\u00f3n de conflictos, entre otros. \u00c1lvarez Garza reiter\u00f3 que el prop\u00f3sito de estas acciones impulsadas por la Administraci\u00f3n Municipal del alcalde Rom\u00e1n Alberto Cepeda Gonz\u00e1lez, es brindar a este sector de la poblaci\u00f3n herramientas pr\u00e1cticas que les permitan analizar su forma de pensar, sentir y actuar, para as\u00ed identificar \u00e1reas de mejora y prevenir tanto el consumo de sustancias nocivas como conductas violentas.<\/p>\n","protected":false},"excerpt":{"rendered":"<p>Torre\u00f3n, Coahuila a 14 de octubre del 2025.- La Unidad de Prevenci\u00f3n Social de la Violencia realiz\u00f3 la aplicaci\u00f3n de encuestas diagn\u00f3sticas en diversas instituciones educativas, logrando hasta el momento un total de 130 pruebas a estudiantes de secundaria y preparatoria, con el objetivo de identificar factores de riesgo que puedan afectar el bienestar de [&hellip;]<\/p>\n","protected":false},"author":1,"featured_media":26116,"comment_status":"open","ping_status":"open","sticky":false,"template":"","format":"standard","meta":{"_monsterinsights_skip_tracking":false,"_monsterinsights_sitenote_active":false,"_monsterinsights_sitenote_note":"","_monsterinsights_sitenote_category":0,"footnotes":""},"categories":[1],"tags":[],"_links":{"self":[{"href":"https:\/\/zonalimitrofe-cbnr.com\/index.php\/wp-json\/wp\/v2\/posts\/26114"}],"collection":[{"href":"https:\/\/zonalimitrofe-cbnr.com\/index.php\/wp-json\/wp\/v2\/posts"}],"about":[{"href":"https:\/\/zonalimitrofe-cbnr.com\/index.php\/wp-json\/wp\/v2\/types\/post"}],"author":[{"embeddable":true,"href":"https:\/\/zonalimitrofe-cbnr.com\/index.php\/wp-json\/wp\/v2\/users\/1"}],"replies":[{"embeddable":true,"href":"https:\/\/zonalimitrofe-cbnr.com\/index.php\/wp-json\/wp\/v2\/comments?post=26114"}],"version-history":[{"count":1,"href":"https:\/\/zonalimitrofe-cbnr.com\/index.php\/wp-json\/wp\/v2\/posts\/26114\/revisions"}],"predecessor-version":[{"id":26117,"href":"https:\/\/zonalimitrofe-cbnr.com\/index.php\/wp-json\/wp\/v2\/posts\/26114\/revisions\/26117"}],"wp:featuredmedia":[{"embeddable":true,"href":"https:\/\/zonalimitrofe-cbnr.com\/index.php\/wp-json\/wp\/v2\/media\/26116"}],"wp:attachment":[{"href":"https:\/\/zonalimitrofe-cbnr.com\/index.php\/wp-json\/wp\/v2\/media?parent=26114"}],"wp:term":[{"taxonomy":"category","embeddable":true,"href":"https:\/\/zonalimitrofe-cbnr.com\/index.php\/wp-json\/wp\/v2\/categories?post=26114"},{"taxonomy":"post_tag","embeddable":true,"href":"https:\/\/zonalimitrofe-cbnr.com\/index.php\/wp-json\/wp\/v2\/tags?post=26114"}],"curies":[{"name":"wp","href":"https:\/\/api.w.org\/{rel}","templated":true}]}}