{"id":26098,"date":"2025-10-14T20:52:46","date_gmt":"2025-10-15T02:52:46","guid":{"rendered":"https:\/\/zonalimitrofe-cbnr.com\/?p=26098"},"modified":"2025-10-14T20:52:46","modified_gmt":"2025-10-15T02:52:46","slug":"lerdo-participa-susy-torrecillas-en-primer-foro-del-plan-municipal-de-desarrollo-2026","status":"publish","type":"post","link":"https:\/\/zonalimitrofe-cbnr.com\/index.php\/2025\/10\/14\/lerdo-participa-susy-torrecillas-en-primer-foro-del-plan-municipal-de-desarrollo-2026\/","title":{"rendered":"#Lerdo. PARTICIPA SUSY TORRECILLAS EN PRIMER FORO DEL PLAN MUNICIPAL DE DESARROLLO 2026*"},"content":{"rendered":"\n<ul>\n<li>Conformado por cinco ejes, el evento se llev\u00f3 a cabo en el centro educativo ITSL<\/li>\n<\/ul>\n\n\n\n<p>Lerdo, 14 de octubre 2025.\u2013 La Presidenta Municipal de Lerdo, Susy Carolina Torrecillas Salazar, particip\u00f3 en el primer foro del Plan Municipal de Desarrollo 2026, realizado en el Instituto Tecnol\u00f3gico Superior de Lerdo (ITSL), donde se cont\u00f3 con la participaci\u00f3n del sector acad\u00e9mico y estudiantil. Durante el evento, la Alcaldesa present\u00f3 los cinco ejes de su gobierno.<\/p>\n\n\n\n<p>En su intervenci\u00f3n, la Presidenta Municipal Susy Carolina Torrecillas Salazar, present\u00f3 los cinco ejes de gobierno que guiar\u00e1n su administraci\u00f3n: Un Lerdo incluyente, digno y transparente, Lerdo con infraestructura y productividad, Lerdo activo, saludable y seguro, Lerdo m\u00e1gico y Lerdo con gobierno abierto.<\/p>\n\n\n\n<p>La Presidenta resalt\u00f3 la importancia de la participaci\u00f3n ciudadana, acad\u00e9mica y empresarial para la construcci\u00f3n del Plan Municipal de Desarrollo 2026.<\/p>\n\n\n\n<p>\u201cEs para m\u00ed muy valioso conocer todas sus aportaciones, con miras a generar un crecimiento uniforme y participativo en mi gobierno, donde intervengan todos los sectores\u201d, destac\u00f3 Torrecillas Salazar.<\/p>\n\n\n\n<p>Subray\u00f3 su inter\u00e9s en impulsar el crecimiento econ\u00f3mico de Lerdo mediante la atracci\u00f3n de inversi\u00f3n extranjera, nacional y local, respaldada con incentivos fiscales; as\u00ed como fortalecer el turismo cultural a trav\u00e9s de recorridos por los lugares emblem\u00e1ticos de la ciudad.<\/p>\n\n\n\n<p>Acompa\u00f1aron a la Presidenta el Dr. Jos\u00e9 Dimas L\u00f3pez, director general del ITSL; el M.C. V\u00edctor Alonso G\u00f3mez Hern\u00e1ndez, rector de la Universidad Tecnol\u00f3gica de Lerdo; Rom\u00e1n Alberto Herrera D\u00edaz, titular del IMPLAN; el secretario del Ayuntamiento, Aldo Flores; la s\u00edndica municipal, Esmirna Guti\u00e9rrez, y el secretario t\u00e9cnico, Juan Jos\u00e9 Carrillo Aldaba. Todos ellos fueron testigos de las propuestas ciudadanas impulsadas desde el \u00e1mbito acad\u00e9mico, con el prop\u00f3sito de contribuir al desarrollo y crecimiento del municipio.<\/p>\n\n\n\n<p>Atendiendo las l\u00edneas de acci\u00f3n establecidas por la administraci\u00f3n municipal, la Presidenta recibi\u00f3 propuestas de acad\u00e9micos y estudiantes orientadas a proyectos de mejora en infraestructura urbana, medio ambiente y desarrollo social.<\/p>\n\n\n\n<p>Cabe destacar que la conform<\/p>\n","protected":false},"excerpt":{"rendered":"<p>Lerdo, 14 de octubre 2025.\u2013 La Presidenta Municipal de Lerdo, Susy Carolina Torrecillas Salazar, particip\u00f3 en el primer foro del Plan Municipal de Desarrollo 2026, realizado en el Instituto Tecnol\u00f3gico Superior de Lerdo (ITSL), donde se cont\u00f3 con la participaci\u00f3n del sector acad\u00e9mico y estudiantil. Durante el evento, la Alcaldesa present\u00f3 los cinco ejes de [&hellip;]<\/p>\n","protected":false},"author":1,"featured_media":26099,"comment_status":"open","ping_status":"open","sticky":false,"template":"","format":"standard","meta":{"_monsterinsights_skip_tracking":false,"_monsterinsights_sitenote_active":false,"_monsterinsights_sitenote_note":"","_monsterinsights_sitenote_category":0,"footnotes":""},"categories":[1],"tags":[],"_links":{"self":[{"href":"https:\/\/zonalimitrofe-cbnr.com\/index.php\/wp-json\/wp\/v2\/posts\/26098"}],"collection":[{"href":"https:\/\/zonalimitrofe-cbnr.com\/index.php\/wp-json\/wp\/v2\/posts"}],"about":[{"href":"https:\/\/zonalimitrofe-cbnr.com\/index.php\/wp-json\/wp\/v2\/types\/post"}],"author":[{"embeddable":true,"href":"https:\/\/zonalimitrofe-cbnr.com\/index.php\/wp-json\/wp\/v2\/users\/1"}],"replies":[{"embeddable":true,"href":"https:\/\/zonalimitrofe-cbnr.com\/index.php\/wp-json\/wp\/v2\/comments?post=26098"}],"version-history":[{"count":1,"href":"https:\/\/zonalimitrofe-cbnr.com\/index.php\/wp-json\/wp\/v2\/posts\/26098\/revisions"}],"predecessor-version":[{"id":26100,"href":"https:\/\/zonalimitrofe-cbnr.com\/index.php\/wp-json\/wp\/v2\/posts\/26098\/revisions\/26100"}],"wp:featuredmedia":[{"embeddable":true,"href":"https:\/\/zonalimitrofe-cbnr.com\/index.php\/wp-json\/wp\/v2\/media\/26099"}],"wp:attachment":[{"href":"https:\/\/zonalimitrofe-cbnr.com\/index.php\/wp-json\/wp\/v2\/media?parent=26098"}],"wp:term":[{"taxonomy":"category","embeddable":true,"href":"https:\/\/zonalimitrofe-cbnr.com\/index.php\/wp-json\/wp\/v2\/categories?post=26098"},{"taxonomy":"post_tag","embeddable":true,"href":"https:\/\/zonalimitrofe-cbnr.com\/index.php\/wp-json\/wp\/v2\/tags?post=26098"}],"curies":[{"name":"wp","href":"https:\/\/api.w.org\/{rel}","templated":true}]}}