{"id":26083,"date":"2025-10-13T22:39:25","date_gmt":"2025-10-14T04:39:25","guid":{"rendered":"https:\/\/zonalimitrofe-cbnr.com\/?p=26083"},"modified":"2025-10-13T22:40:02","modified_gmt":"2025-10-14T04:40:02","slug":"lerdo-instruye-susy-torrecillas-a-proteccion-civil-capacitar-a-sus-elementos","status":"publish","type":"post","link":"https:\/\/zonalimitrofe-cbnr.com\/index.php\/2025\/10\/13\/lerdo-instruye-susy-torrecillas-a-proteccion-civil-capacitar-a-sus-elementos\/","title":{"rendered":"#Lerdo. INSTRUYE SUSY TORRECILLAS A PROTECCI\u00d3N CIVIL CAPACITAR A SUS ELEMENTOS*"},"content":{"rendered":"\n<p>Lerdo, 13 de octubre 2025.- Sinhue de Jes\u00fas Ortiz, director de Protecci\u00f3n Civil y Bomberos de Lerdo, inform\u00f3 que, por instrucci\u00f3n directa de la Presidenta Municipal Susy Carolina Torrecillas Salazar, el personal de la dependencia ha reforzado sus programas de capacitaci\u00f3n interna, con el prop\u00f3sito de ofrecer un servicio m\u00e1s eficiente y profesional a la ciudadan\u00eda.<\/p>\n\n\n\n<p>El funcionario detall\u00f3 que, principalmente durante los fines de semana, se llevan a cabo cursos y pr\u00e1cticas de primeros auxilios para primeros respondientes, enfocados en la atenci\u00f3n inmediata a personas en situaciones de emergencia, mientras se asegura el lugar del incidente.<\/p>\n\n\n\n<p>\u201cSabemos que, como primeros respondientes, es fundamental saber reaccionar y actuar en cuesti\u00f3n de segundos. Por eso hemos fortalecido la preparaci\u00f3n de nuestro personal, siguiendo la instrucci\u00f3n de la Presidenta Susy Torrecillas, quien ha enfatizado la importancia de contar con elementos capacitados\u201d, se\u00f1al\u00f3 el director.<\/p>\n\n\n\n<p>Asimismo, Ortiz destac\u00f3 que durante el fin de semana particip\u00f3 en la toma de protesta del Consejo Estatal de Protecci\u00f3n Civil de Durango, evento encabezado por el coordinador estatal, Arturo Galindo, a quien agradeci\u00f3 la invitaci\u00f3n y la oportunidad de fortalecer la colaboraci\u00f3n entre las distintas coordinaciones municipales de Protecci\u00f3n Civil del estado.<\/p>\n","protected":false},"excerpt":{"rendered":"<p>Lerdo, 13 de octubre 2025.- Sinhue de Jes\u00fas Ortiz, director de Protecci\u00f3n Civil y Bomberos de Lerdo, inform\u00f3 que, por instrucci\u00f3n directa de la Presidenta Municipal Susy Carolina Torrecillas Salazar, el personal de la dependencia ha reforzado sus programas de capacitaci\u00f3n interna, con el prop\u00f3sito de ofrecer un servicio m\u00e1s eficiente y profesional a la [&hellip;]<\/p>\n","protected":false},"author":1,"featured_media":26085,"comment_status":"open","ping_status":"open","sticky":false,"template":"","format":"standard","meta":{"_monsterinsights_skip_tracking":false,"_monsterinsights_sitenote_active":false,"_monsterinsights_sitenote_note":"","_monsterinsights_sitenote_category":0,"footnotes":""},"categories":[1],"tags":[],"_links":{"self":[{"href":"https:\/\/zonalimitrofe-cbnr.com\/index.php\/wp-json\/wp\/v2\/posts\/26083"}],"collection":[{"href":"https:\/\/zonalimitrofe-cbnr.com\/index.php\/wp-json\/wp\/v2\/posts"}],"about":[{"href":"https:\/\/zonalimitrofe-cbnr.com\/index.php\/wp-json\/wp\/v2\/types\/post"}],"author":[{"embeddable":true,"href":"https:\/\/zonalimitrofe-cbnr.com\/index.php\/wp-json\/wp\/v2\/users\/1"}],"replies":[{"embeddable":true,"href":"https:\/\/zonalimitrofe-cbnr.com\/index.php\/wp-json\/wp\/v2\/comments?post=26083"}],"version-history":[{"count":1,"href":"https:\/\/zonalimitrofe-cbnr.com\/index.php\/wp-json\/wp\/v2\/posts\/26083\/revisions"}],"predecessor-version":[{"id":26084,"href":"https:\/\/zonalimitrofe-cbnr.com\/index.php\/wp-json\/wp\/v2\/posts\/26083\/revisions\/26084"}],"wp:featuredmedia":[{"embeddable":true,"href":"https:\/\/zonalimitrofe-cbnr.com\/index.php\/wp-json\/wp\/v2\/media\/26085"}],"wp:attachment":[{"href":"https:\/\/zonalimitrofe-cbnr.com\/index.php\/wp-json\/wp\/v2\/media?parent=26083"}],"wp:term":[{"taxonomy":"category","embeddable":true,"href":"https:\/\/zonalimitrofe-cbnr.com\/index.php\/wp-json\/wp\/v2\/categories?post=26083"},{"taxonomy":"post_tag","embeddable":true,"href":"https:\/\/zonalimitrofe-cbnr.com\/index.php\/wp-json\/wp\/v2\/tags?post=26083"}],"curies":[{"name":"wp","href":"https:\/\/api.w.org\/{rel}","templated":true}]}}