{"id":26062,"date":"2025-10-13T22:17:20","date_gmt":"2025-10-14T04:17:20","guid":{"rendered":"https:\/\/zonalimitrofe-cbnr.com\/?p=26062"},"modified":"2025-10-13T22:17:20","modified_gmt":"2025-10-14T04:17:20","slug":"lerdo-aporta-ayuntamiento-y-dif-lerdo-donativo-al-teleton","status":"publish","type":"post","link":"https:\/\/zonalimitrofe-cbnr.com\/index.php\/2025\/10\/13\/lerdo-aporta-ayuntamiento-y-dif-lerdo-donativo-al-teleton\/","title":{"rendered":"#Lerdo. APORTA AYUNTAMIENTO Y DIF LERDO DONATIVO AL TELET\u00d3N*"},"content":{"rendered":"\n<p>Lerdo, 13 de octubre 2025.- Rebasando la meta, el Ayuntamiento de Lerdo, a trav\u00e9s del Sistema Municipal para el Desarrollo Integral de la Familia (DIF), hizo entrega de las alcanc\u00edas a la Fundaci\u00f3n Telet\u00f3n, donaci\u00f3n que sin duda beneficiar\u00e1 a las y los ni\u00f1os de esta organizaci\u00f3n.<\/p>\n\n\n\n<p>Por instrucciones de la Presidenta Municipal Susy Torrecillas Salazar, las diferentes dependencias municipales del Ayuntamiento de Lerdo y del DIF, as\u00ed como regidores, se dieron a la tarea de botear durante el mes de septiembre y recolectar apoyo econ\u00f3mico para entregar a la Fundaci\u00f3n Telet\u00f3n, una organizaci\u00f3n sin fines de lucro dedicada a brindar atenci\u00f3n integral y de calidad a personas con discapacidad, c\u00e1ncer y autismo.<\/p>\n\n\n\n<p>Fue la directora del DIF, Rita Irasema Loza Covarrubias, y la directora de Discapacidad y UBR en DIF, Rosa Mar\u00eda S\u00e1nchez, quienes hicieron entrega del donativo al director del Centro de Rehabilitaci\u00f3n Infantil Telet\u00f3n Durango, Gabriel L\u00f3pez Ortega.<\/p>\n\n\n\n<p>Por su parte, la directora del Instituto Municipal para el Desarrollo y la Inclusi\u00f3n de Personas con Discapacidad, Karimme Lizeth Caldera Cer\u00f3n, comparti\u00f3 que la coordinaci\u00f3n entre DIF y el Ayuntamiento de Lerdo fue excelente.<\/p>\n\n\n\n<p>Cabe se\u00f1alar que, por cada peso recaudado, la Presidencia Municipal aport\u00f3 un peso m\u00e1s.<\/p>\n","protected":false},"excerpt":{"rendered":"<p>Lerdo, 13 de octubre 2025.- Rebasando la meta, el Ayuntamiento de Lerdo, a trav\u00e9s del Sistema Municipal para el Desarrollo Integral de la Familia (DIF), hizo entrega de las alcanc\u00edas a la Fundaci\u00f3n Telet\u00f3n, donaci\u00f3n que sin duda beneficiar\u00e1 a las y los ni\u00f1os de esta organizaci\u00f3n. Por instrucciones de la Presidenta Municipal Susy Torrecillas [&hellip;]<\/p>\n","protected":false},"author":1,"featured_media":26063,"comment_status":"open","ping_status":"open","sticky":false,"template":"","format":"standard","meta":{"_monsterinsights_skip_tracking":false,"_monsterinsights_sitenote_active":false,"_monsterinsights_sitenote_note":"","_monsterinsights_sitenote_category":0,"footnotes":""},"categories":[1],"tags":[],"_links":{"self":[{"href":"https:\/\/zonalimitrofe-cbnr.com\/index.php\/wp-json\/wp\/v2\/posts\/26062"}],"collection":[{"href":"https:\/\/zonalimitrofe-cbnr.com\/index.php\/wp-json\/wp\/v2\/posts"}],"about":[{"href":"https:\/\/zonalimitrofe-cbnr.com\/index.php\/wp-json\/wp\/v2\/types\/post"}],"author":[{"embeddable":true,"href":"https:\/\/zonalimitrofe-cbnr.com\/index.php\/wp-json\/wp\/v2\/users\/1"}],"replies":[{"embeddable":true,"href":"https:\/\/zonalimitrofe-cbnr.com\/index.php\/wp-json\/wp\/v2\/comments?post=26062"}],"version-history":[{"count":1,"href":"https:\/\/zonalimitrofe-cbnr.com\/index.php\/wp-json\/wp\/v2\/posts\/26062\/revisions"}],"predecessor-version":[{"id":26064,"href":"https:\/\/zonalimitrofe-cbnr.com\/index.php\/wp-json\/wp\/v2\/posts\/26062\/revisions\/26064"}],"wp:featuredmedia":[{"embeddable":true,"href":"https:\/\/zonalimitrofe-cbnr.com\/index.php\/wp-json\/wp\/v2\/media\/26063"}],"wp:attachment":[{"href":"https:\/\/zonalimitrofe-cbnr.com\/index.php\/wp-json\/wp\/v2\/media?parent=26062"}],"wp:term":[{"taxonomy":"category","embeddable":true,"href":"https:\/\/zonalimitrofe-cbnr.com\/index.php\/wp-json\/wp\/v2\/categories?post=26062"},{"taxonomy":"post_tag","embeddable":true,"href":"https:\/\/zonalimitrofe-cbnr.com\/index.php\/wp-json\/wp\/v2\/tags?post=26062"}],"curies":[{"name":"wp","href":"https:\/\/api.w.org\/{rel}","templated":true}]}}