{"id":26034,"date":"2025-10-11T17:45:59","date_gmt":"2025-10-11T23:45:59","guid":{"rendered":"https:\/\/zonalimitrofe-cbnr.com\/?p=26034"},"modified":"2025-10-11T17:45:59","modified_gmt":"2025-10-11T23:45:59","slug":"torreon-centros-culturales-municipales-registran-gran-afluencia-de-usuarios","status":"publish","type":"post","link":"https:\/\/zonalimitrofe-cbnr.com\/index.php\/2025\/10\/11\/torreon-centros-culturales-municipales-registran-gran-afluencia-de-usuarios\/","title":{"rendered":"#Torre\u00f3n. Centros culturales municipales registran gran afluencia de usuarios"},"content":{"rendered":"\n<p>Torre\u00f3n, Coahuila a 11 de octubre del 2025<\/p>\n\n\n\n<p>El Instituto Municipal de Cultura y Educaci\u00f3n (IMCE), a trav\u00e9s de sus diferentes Centros Culturales, registra una gran afluencia de usuarios gracias a su atractiva oferta y a que tienen presencia en diferentes sectores de la ciudad.<\/p>\n\n\n\n<p>Antonio M\u00e9ndez Vigat\u00e1, titular de la dependencia, destac\u00f3 que quienes residen al poniente de la ciudad han respondido de manera muy positiva a los talleres de danza folcl\u00f3rica, baile moderno, pintura, teatro, piano y guitarra, entre otros que actualmente se imparten en el Centro Cultural La Jabonera \u201cLa Uni\u00f3n\u201d.<\/p>\n\n\n\n<p>Asimismo, mencion\u00f3 que el taller de Medios Audiovisuales ha tenido un notable auge entre la comunidad infantil y juvenil, ya que la maestra Ali D\u00edaz les proporciona t\u00e9cnicas pr\u00e1cticas para aprender a comunicarse frente a un micr\u00f3fono o una c\u00e1mara.<\/p>\n\n\n\n<p>M\u00e9ndez Vigat\u00e1 se\u00f1al\u00f3 tambi\u00e9n que con la finalidad de contribuir no solo a la formaci\u00f3n cultural sino tambi\u00e9n educativa, en la misma sede se ofrece el curso de psicolog\u00eda integral y regularizaci\u00f3n escolar, el cual ha sido muy bien recibido.<\/p>\n\n\n\n<p>Por lo tanto, invit\u00f3 a los vecinos de las colonias Polvorera, Rinconada, Primera de Mayo, Torre\u00f3n y Anexas, J. R. Mijares y aleda\u00f1as, a comunicarse al tel\u00e9fono 871 222 24 36 o acudir al bulevar Laguna Sur, Segunda Rinconada de la Uni\u00f3n, para conocer las opciones disponibles para toda la familia dentro de los diversos talleres y proyectos que ofrece este recinto.<\/p>\n\n\n\n<p>Agreg\u00f3 que el Centro Cultural Jos\u00e9 R. Mijares mantiene una oferta de talleres en m\u00fasica, artes pl\u00e1sticas y danza folcl\u00f3rica. Adem\u00e1s del Sistema de Iniciaci\u00f3n a las Artes PNEIA afiliado al INBAL, con horarios de lunes a viernes de 16:00 a 20:00 horas, as\u00ed como clases de canto, danza, teatro musical, rondalla y actuaci\u00f3n, los s\u00e1bados de 12:00 a 14:00 horas.<\/p>\n\n\n\n<p>Los interesados pueden comunicarse al tel\u00e9fono 871 712 26 44 o acudir a la avenida Bravo esquina con calle Juan Gutenberg para solicitar mayor informaci\u00f3n.<\/p>\n\n\n\n<p>En lo que respecta al Centro Cultural Pablo C. Moreno, el director mencion\u00f3 que la afluencia de usuarios en talleres como baby ballet, acrobacia, hip hop, teclado, canto, dibujo y pintura, guitarra, entre otros, es tambi\u00e9n muy buena.<\/p>\n\n\n\n<p>Exhort\u00f3 a los padres de familia a informarse al tel\u00e9fono 871 716 84 04 o acudir a avenida Allende y Juan Antonio de la Fuente, sin n\u00famero, colonia Centro.<\/p>\n\n\n\n<p>Finalmente, el titular del IMCE se\u00f1al\u00f3 que en cumplimiento al compromiso de la Administraci\u00f3n Municipal que preside el alcalde Rom\u00e1n Alberto Cepeda Gonz\u00e1lez, se prioriza acercar a los ni\u00f1os y j\u00f3venes a la cultura, con la finalidad de que puedan desarrollar habilidades \u00fatiles para su vida diaria, adem\u00e1s de fomentar la convivencia, lo que contribuye a crear un c\u00edrculo social sano y fruct\u00edfero.<\/p>\n","protected":false},"excerpt":{"rendered":"<p>Torre\u00f3n, Coahuila a 11 de octubre del 2025 El Instituto Municipal de Cultura y Educaci\u00f3n (IMCE), a trav\u00e9s de sus diferentes Centros Culturales, registra una gran afluencia de usuarios gracias a su atractiva oferta y a que tienen presencia en diferentes sectores de la ciudad. Antonio M\u00e9ndez Vigat\u00e1, titular de la dependencia, destac\u00f3 que quienes [&hellip;]<\/p>\n","protected":false},"author":1,"featured_media":26035,"comment_status":"open","ping_status":"open","sticky":false,"template":"","format":"standard","meta":{"_monsterinsights_skip_tracking":false,"_monsterinsights_sitenote_active":false,"_monsterinsights_sitenote_note":"","_monsterinsights_sitenote_category":0,"footnotes":""},"categories":[1],"tags":[],"_links":{"self":[{"href":"https:\/\/zonalimitrofe-cbnr.com\/index.php\/wp-json\/wp\/v2\/posts\/26034"}],"collection":[{"href":"https:\/\/zonalimitrofe-cbnr.com\/index.php\/wp-json\/wp\/v2\/posts"}],"about":[{"href":"https:\/\/zonalimitrofe-cbnr.com\/index.php\/wp-json\/wp\/v2\/types\/post"}],"author":[{"embeddable":true,"href":"https:\/\/zonalimitrofe-cbnr.com\/index.php\/wp-json\/wp\/v2\/users\/1"}],"replies":[{"embeddable":true,"href":"https:\/\/zonalimitrofe-cbnr.com\/index.php\/wp-json\/wp\/v2\/comments?post=26034"}],"version-history":[{"count":1,"href":"https:\/\/zonalimitrofe-cbnr.com\/index.php\/wp-json\/wp\/v2\/posts\/26034\/revisions"}],"predecessor-version":[{"id":26036,"href":"https:\/\/zonalimitrofe-cbnr.com\/index.php\/wp-json\/wp\/v2\/posts\/26034\/revisions\/26036"}],"wp:featuredmedia":[{"embeddable":true,"href":"https:\/\/zonalimitrofe-cbnr.com\/index.php\/wp-json\/wp\/v2\/media\/26035"}],"wp:attachment":[{"href":"https:\/\/zonalimitrofe-cbnr.com\/index.php\/wp-json\/wp\/v2\/media?parent=26034"}],"wp:term":[{"taxonomy":"category","embeddable":true,"href":"https:\/\/zonalimitrofe-cbnr.com\/index.php\/wp-json\/wp\/v2\/categories?post=26034"},{"taxonomy":"post_tag","embeddable":true,"href":"https:\/\/zonalimitrofe-cbnr.com\/index.php\/wp-json\/wp\/v2\/tags?post=26034"}],"curies":[{"name":"wp","href":"https:\/\/api.w.org\/{rel}","templated":true}]}}