{"id":26028,"date":"2025-10-11T17:33:34","date_gmt":"2025-10-11T23:33:34","guid":{"rendered":"https:\/\/zonalimitrofe-cbnr.com\/?p=26028"},"modified":"2025-10-11T17:33:35","modified_gmt":"2025-10-11T23:33:35","slug":"lerdo-susy-torrecillas-sigue-con-la-conformacion-de-comites-ciudadanos-ahora-en-leon-guzman","status":"publish","type":"post","link":"https:\/\/zonalimitrofe-cbnr.com\/index.php\/2025\/10\/11\/lerdo-susy-torrecillas-sigue-con-la-conformacion-de-comites-ciudadanos-ahora-en-leon-guzman\/","title":{"rendered":"#Lerdo. SUSY TORRECILLAS SIGUE CON LA CONFORMACI\u00d3N DE COMIT\u00c9S CIUDADANOS; AHORA EN LE\u00d3N GUZM\u00c1N*"},"content":{"rendered":"\n<p>Lerdo, 11 de octubre 2025.\u2013 La tarde del viernes, la Presidenta Municipal Susy Carolina Torrecillas Salazar, acompa\u00f1ada por funcionarios de su gabinete, encabez\u00f3 la conformaci\u00f3n del Comit\u00e9 Ciudadano en la Villa de Le\u00f3n Guzm\u00e1n, como parte del programa de participaci\u00f3n social que impulsa en todo el municipio.<\/p>\n\n\n\n<p>Con el firme prop\u00f3sito de integrar comit\u00e9s ciudadanos en cada comunidad y colonia de Lerdo, la Presidenta tom\u00f3 protesta a los integrantes del cuarto comit\u00e9, quienes representar\u00e1n las distintas \u00e1reas de la administraci\u00f3n municipal para fortalecer la atenci\u00f3n y gesti\u00f3n de servicios p\u00fablicos.<\/p>\n\n\n\n<p>El comit\u00e9 qued\u00f3 conformado de la siguiente manera: Armando Lu\u00e9vanos Ponce, encargado de Obras P\u00fablicas; Fernando Alvarado y Humberto Espino, en la cartera de Servicios P\u00fablicos; Juana Mar\u00eda Portillo, en Desarrollo Social; Mar\u00eda de Jes\u00fas L\u00f3pez, encargada de Salud; Mauricio Acevedo, en Intendencia; Juan Jos\u00e9 Lugo, responsable del Domo; Mar\u00eda Elena Via\u00f1a, en el DIF; Rosa Elena Via\u00f1a, titular de SAPAL; Blasa Adame, en Casa de D\u00eda; Margarito Ponce Valenzuela, en Parques y Jardines; Lorenzana L\u00f3pez, en Deportes; Alicia Galindo y Mar\u00eda Luisa L\u00f3pez, en Cultura; Margarita Villegas y Lidia Guadalupe V\u00e1zquez, en Gesti\u00f3n; Adri\u00e1n Lares Murillo, en Protecci\u00f3n Civil; e Iveth Ram\u00edrez, en Educaci\u00f3n.<\/p>\n\n\n\n<p>Durante su mensaje, la Presidenta destac\u00f3 la importancia de este modelo de organizaci\u00f3n ciudadana, al se\u00f1alar que permitir\u00e1 atender las solicitudes y gestiones de manera m\u00e1s r\u00e1pida y directa.<\/p>\n\n\n\n<p>\u201cHoy venimos todos a fortalecer a los de la Villa. Este comit\u00e9 que acabamos de conformar es una extensi\u00f3n de la Presidencia, donde la gente podr\u00e1 realizar sus tr\u00e1mites sin tener que trasladarse hasta el Palacio Municipal\u201d, expres\u00f3 Torrecillas Salazar.<\/p>\n\n\n\n<p>Al finalizar el evento, realizado en el domo de la plaza principal de Le\u00f3n Guzm\u00e1n, la Presidenta Municipal dialog\u00f3 con adultos y j\u00f3venes del sector, escuchando sus planteamientos y dando respuesta inmediata a varias de sus peticiones.<\/p>\n","protected":false},"excerpt":{"rendered":"<p>Lerdo, 11 de octubre 2025.\u2013 La tarde del viernes, la Presidenta Municipal Susy Carolina Torrecillas Salazar, acompa\u00f1ada por funcionarios de su gabinete, encabez\u00f3 la conformaci\u00f3n del Comit\u00e9 Ciudadano en la Villa de Le\u00f3n Guzm\u00e1n, como parte del programa de participaci\u00f3n social que impulsa en todo el municipio. Con el firme prop\u00f3sito de integrar comit\u00e9s ciudadanos [&hellip;]<\/p>\n","protected":false},"author":1,"featured_media":26029,"comment_status":"open","ping_status":"open","sticky":false,"template":"","format":"standard","meta":{"_monsterinsights_skip_tracking":false,"_monsterinsights_sitenote_active":false,"_monsterinsights_sitenote_note":"","_monsterinsights_sitenote_category":0,"footnotes":""},"categories":[1],"tags":[],"_links":{"self":[{"href":"https:\/\/zonalimitrofe-cbnr.com\/index.php\/wp-json\/wp\/v2\/posts\/26028"}],"collection":[{"href":"https:\/\/zonalimitrofe-cbnr.com\/index.php\/wp-json\/wp\/v2\/posts"}],"about":[{"href":"https:\/\/zonalimitrofe-cbnr.com\/index.php\/wp-json\/wp\/v2\/types\/post"}],"author":[{"embeddable":true,"href":"https:\/\/zonalimitrofe-cbnr.com\/index.php\/wp-json\/wp\/v2\/users\/1"}],"replies":[{"embeddable":true,"href":"https:\/\/zonalimitrofe-cbnr.com\/index.php\/wp-json\/wp\/v2\/comments?post=26028"}],"version-history":[{"count":1,"href":"https:\/\/zonalimitrofe-cbnr.com\/index.php\/wp-json\/wp\/v2\/posts\/26028\/revisions"}],"predecessor-version":[{"id":26030,"href":"https:\/\/zonalimitrofe-cbnr.com\/index.php\/wp-json\/wp\/v2\/posts\/26028\/revisions\/26030"}],"wp:featuredmedia":[{"embeddable":true,"href":"https:\/\/zonalimitrofe-cbnr.com\/index.php\/wp-json\/wp\/v2\/media\/26029"}],"wp:attachment":[{"href":"https:\/\/zonalimitrofe-cbnr.com\/index.php\/wp-json\/wp\/v2\/media?parent=26028"}],"wp:term":[{"taxonomy":"category","embeddable":true,"href":"https:\/\/zonalimitrofe-cbnr.com\/index.php\/wp-json\/wp\/v2\/categories?post=26028"},{"taxonomy":"post_tag","embeddable":true,"href":"https:\/\/zonalimitrofe-cbnr.com\/index.php\/wp-json\/wp\/v2\/tags?post=26028"}],"curies":[{"name":"wp","href":"https:\/\/api.w.org\/{rel}","templated":true}]}}