{"id":26015,"date":"2025-10-11T17:18:26","date_gmt":"2025-10-11T23:18:26","guid":{"rendered":"https:\/\/zonalimitrofe-cbnr.com\/?p=26015"},"modified":"2025-10-11T17:18:26","modified_gmt":"2025-10-11T23:18:26","slug":"torreon-diplomado-en-historia-regional-de-la-laguna-2024-se-encuentra-disponible-en-linea","status":"publish","type":"post","link":"https:\/\/zonalimitrofe-cbnr.com\/index.php\/2025\/10\/11\/torreon-diplomado-en-historia-regional-de-la-laguna-2024-se-encuentra-disponible-en-linea\/","title":{"rendered":"#Torre\u00f3n. Diplomado en Historia Regional de La Laguna (2024) se encuentra disponible en l\u00ednea"},"content":{"rendered":"\n<p>Torre\u00f3n, Coahuila a 11 de octubre del 2025<\/p>\n\n\n\n<p>El Archivo Municipal de Torre\u00f3n, en coordinaci\u00f3n con el Centro de Investigaci\u00f3n en Ciencias Sociales de la Universidad Aut\u00f3noma de Coahuila y la Academia Nacional de Historia y Geograf\u00eda Filial Coahuila, invitan a consultar las sesiones completas del Diplomado en Historia Regional de La Laguna, en l\u00ednea, un proyecto sin precedentes en la ciudad, que se realiz\u00f3 entre septiembre y diciembre de 2024. La consulta es a trav\u00e9s del enlace www.torreon.gob.mx\/archivo\/diplomado.html<\/p>\n\n\n\n<p>Cinthia Gaspar Montero, directora del Archivo Municipal, record\u00f3 que el diplomado fue dirigido a cronistas, gu\u00edas de museos, docentes de educaci\u00f3n b\u00e1sica y superior, universitarios, periodistas y p\u00fablico en general<\/p>\n\n\n\n<p>Las tem\u00e1ticas est\u00e1n divididas en cinco m\u00f3dulos: Introducci\u00f3n a la historia; Historia antigua de La Laguna y g\u00e9nesis colonial; De la integraci\u00f3n territorial de Coahuila al Porfiriato; Coahuila y La Laguna en tiempos contempor\u00e1neos en los siglos XX y XXI; y Las mujeres en la historia y Archivos, acervos y fuentes.<\/p>\n\n\n\n<p>\u201cEntre los expositores que podr\u00e1n disfrutar de manera gratuita y desde la comodidad de sus hogares, se encuentran destacados investigadores e historiadores de distintas partes del pa\u00eds como Mario Cerutti, Octavio Herrera P\u00e9rez, \u00d3scar Israel Piza\u00f1a Grimaldo, Carlos Manuel Vald\u00e9s D\u00e1vila, Miguel Felipe de Jes\u00fas Vallebueno Garcinava, Lucas Mart\u00ednez S\u00e1nchez, Javier Ramos Salas, Jes\u00fas Armando Tovar Rend\u00f3n, Felipe Arturo \u00c1vila Espinoza, Pavel Leonardo Navarro Valdez, Francisco Luis Camporredondo Reyes, Mar\u00eda del Rosario Varela Z\u00fa\u00f1iga y Mar\u00eda Isabel Salda\u00f1a Villarreal\u201d, detall\u00f3 la funcionaria.<\/p>\n\n\n\n<p>El Diplomado en Historia Regional de La Laguna 2024 cont\u00f3 con la colaboraci\u00f3n de la Universidad Aut\u00f3noma de Tamaulipas, la Facultad de Econom\u00eda de la Universidad Aut\u00f3noma de Nuevo Le\u00f3n, la Universidad Ju\u00e1rez del Estado de Durango, el Museo Nacional de las Intervenciones del Instituto Nacional de Antropolog\u00eda e Historia, y el Instituto Nacional de Estudios Hist\u00f3ricos de las Revoluciones de M\u00e9xico.<\/p>\n\n\n\n<p>Gaspar Montero se\u00f1al\u00f3 que Actualmente se est\u00e1 desarrollando el Diplomado en Historia de Coahuila, el cual concluir\u00e1 a principios de diciembre de 2025, y se tiene contemplado tambi\u00e9n subir todas las sesiones a la p\u00e1gina oficial del Archivo Municipal de Torre\u00f3n.<\/p>\n\n\n\n<p>\u201cEl alcalde Rom\u00e1n Alberto Cepeda Gonz\u00e1lez nos ha instruido a abrir este tipo de espacios para acercar a m\u00e1s y nuevos p\u00fablicos a la historia que contribuye al orgullo de la identidad\u201d, destac\u00f3.<\/p>\n","protected":false},"excerpt":{"rendered":"<p>Torre\u00f3n, Coahuila a 11 de octubre del 2025 El Archivo Municipal de Torre\u00f3n, en coordinaci\u00f3n con el Centro de Investigaci\u00f3n en Ciencias Sociales de la Universidad Aut\u00f3noma de Coahuila y la Academia Nacional de Historia y Geograf\u00eda Filial Coahuila, invitan a consultar las sesiones completas del Diplomado en Historia Regional de La Laguna, en l\u00ednea, [&hellip;]<\/p>\n","protected":false},"author":1,"featured_media":26016,"comment_status":"open","ping_status":"open","sticky":false,"template":"","format":"standard","meta":{"_monsterinsights_skip_tracking":false,"_monsterinsights_sitenote_active":false,"_monsterinsights_sitenote_note":"","_monsterinsights_sitenote_category":0,"footnotes":""},"categories":[1],"tags":[],"_links":{"self":[{"href":"https:\/\/zonalimitrofe-cbnr.com\/index.php\/wp-json\/wp\/v2\/posts\/26015"}],"collection":[{"href":"https:\/\/zonalimitrofe-cbnr.com\/index.php\/wp-json\/wp\/v2\/posts"}],"about":[{"href":"https:\/\/zonalimitrofe-cbnr.com\/index.php\/wp-json\/wp\/v2\/types\/post"}],"author":[{"embeddable":true,"href":"https:\/\/zonalimitrofe-cbnr.com\/index.php\/wp-json\/wp\/v2\/users\/1"}],"replies":[{"embeddable":true,"href":"https:\/\/zonalimitrofe-cbnr.com\/index.php\/wp-json\/wp\/v2\/comments?post=26015"}],"version-history":[{"count":1,"href":"https:\/\/zonalimitrofe-cbnr.com\/index.php\/wp-json\/wp\/v2\/posts\/26015\/revisions"}],"predecessor-version":[{"id":26017,"href":"https:\/\/zonalimitrofe-cbnr.com\/index.php\/wp-json\/wp\/v2\/posts\/26015\/revisions\/26017"}],"wp:featuredmedia":[{"embeddable":true,"href":"https:\/\/zonalimitrofe-cbnr.com\/index.php\/wp-json\/wp\/v2\/media\/26016"}],"wp:attachment":[{"href":"https:\/\/zonalimitrofe-cbnr.com\/index.php\/wp-json\/wp\/v2\/media?parent=26015"}],"wp:term":[{"taxonomy":"category","embeddable":true,"href":"https:\/\/zonalimitrofe-cbnr.com\/index.php\/wp-json\/wp\/v2\/categories?post=26015"},{"taxonomy":"post_tag","embeddable":true,"href":"https:\/\/zonalimitrofe-cbnr.com\/index.php\/wp-json\/wp\/v2\/tags?post=26015"}],"curies":[{"name":"wp","href":"https:\/\/api.w.org\/{rel}","templated":true}]}}