{"id":26012,"date":"2025-10-11T17:11:42","date_gmt":"2025-10-11T23:11:42","guid":{"rendered":"https:\/\/zonalimitrofe-cbnr.com\/?p=26012"},"modified":"2025-10-11T17:11:42","modified_gmt":"2025-10-11T23:11:42","slug":"lerdo-imparten-platica-de-neurodivergencias-en-preescolar-de-lerdo","status":"publish","type":"post","link":"https:\/\/zonalimitrofe-cbnr.com\/index.php\/2025\/10\/11\/lerdo-imparten-platica-de-neurodivergencias-en-preescolar-de-lerdo\/","title":{"rendered":"#Lerdo. IMPARTEN PL\u00c1TICA DE NEURODIVERGENCIAS EN PREESCOLAR DE LERDO*"},"content":{"rendered":"\n<p>Lerdo, 11 de octubre 2025.- El Instituto para el Desarrollo y la Inclusi\u00f3n de las Personas con Discapacidad en el municipio de Lerdo, llev\u00f3 a cabo una pl\u00e1tica dirigida a madres y padres de familia en el Jard\u00edn de Ni\u00f1os Benito Ju\u00e1rez de Ciudad Ju\u00e1rez, donde se abord\u00f3 el tema \u201cNutrici\u00f3n y organizaci\u00f3n de horarios para ni\u00f1os con probables diagn\u00f3sticos de neurodivergencias\u201d.<\/p>\n\n\n\n<p>Durante la sesi\u00f3n, se destac\u00f3 la importancia de una alimentaci\u00f3n equilibrada y de rutinas organizadas en el desarrollo integral de los menores, especialmente en aquellos que presentan caracter\u00edsticas asociadas a la neurodivergencia. Se explic\u00f3 que una dieta balanceada y horarios estructurados contribuyen significativamente a mejorar la atenci\u00f3n, la regulaci\u00f3n emocional y el bienestar general de las y los ni\u00f1os.<\/p>\n\n\n\n<p>Adem\u00e1s, el personal del Instituto brind\u00f3 recomendaciones tanto a maestras como a padres de familia, subrayando la relevancia de observar de manera integral el comportamiento infantil antes de asociarlo con un posible diagn\u00f3stico.<\/p>\n\n\n\n<p>Tambi\u00e9n se brind\u00f3 apoyo para establecer vinculaci\u00f3n con especialistas que puedan orientar en procesos de valoraci\u00f3n y diagn\u00f3stico, garantizando una atenci\u00f3n m\u00e1s completa y oportuna.<\/p>\n\n\n\n<p>La directora del plantel, Hayd\u00e9 Concepci\u00f3n Arreola Ag\u00fcero, agradeci\u00f3 la presencia del equipo del Instituto y resalt\u00f3 la importancia de promover espacios de sensibilizaci\u00f3n que fortalezcan la inclusi\u00f3n educativa y social desde la primera infancia.<\/p>\n\n\n\n<p>El Instituto para el Desarrollo y la Inclusi\u00f3n de las Personas con Discapacidad, por instrucci\u00f3n de la Presidenta Municipal Susy Carolina Torrecillas Salazar, continuar\u00e1 impartiendo este tipo de pl\u00e1ticas en distintas escuelas de la regi\u00f3n, con el prop\u00f3sito de fomentar una cultura de comprensi\u00f3n, acompa\u00f1amiento y apoyo a las familias que conviven con la neurodiversidad.<\/p>\n","protected":false},"excerpt":{"rendered":"<p>Lerdo, 11 de octubre 2025.- El Instituto para el Desarrollo y la Inclusi\u00f3n de las Personas con Discapacidad en el municipio de Lerdo, llev\u00f3 a cabo una pl\u00e1tica dirigida a madres y padres de familia en el Jard\u00edn de Ni\u00f1os Benito Ju\u00e1rez de Ciudad Ju\u00e1rez, donde se abord\u00f3 el tema \u201cNutrici\u00f3n y organizaci\u00f3n de horarios [&hellip;]<\/p>\n","protected":false},"author":1,"featured_media":26013,"comment_status":"open","ping_status":"open","sticky":false,"template":"","format":"standard","meta":{"_monsterinsights_skip_tracking":false,"_monsterinsights_sitenote_active":false,"_monsterinsights_sitenote_note":"","_monsterinsights_sitenote_category":0,"footnotes":""},"categories":[1],"tags":[],"_links":{"self":[{"href":"https:\/\/zonalimitrofe-cbnr.com\/index.php\/wp-json\/wp\/v2\/posts\/26012"}],"collection":[{"href":"https:\/\/zonalimitrofe-cbnr.com\/index.php\/wp-json\/wp\/v2\/posts"}],"about":[{"href":"https:\/\/zonalimitrofe-cbnr.com\/index.php\/wp-json\/wp\/v2\/types\/post"}],"author":[{"embeddable":true,"href":"https:\/\/zonalimitrofe-cbnr.com\/index.php\/wp-json\/wp\/v2\/users\/1"}],"replies":[{"embeddable":true,"href":"https:\/\/zonalimitrofe-cbnr.com\/index.php\/wp-json\/wp\/v2\/comments?post=26012"}],"version-history":[{"count":1,"href":"https:\/\/zonalimitrofe-cbnr.com\/index.php\/wp-json\/wp\/v2\/posts\/26012\/revisions"}],"predecessor-version":[{"id":26014,"href":"https:\/\/zonalimitrofe-cbnr.com\/index.php\/wp-json\/wp\/v2\/posts\/26012\/revisions\/26014"}],"wp:featuredmedia":[{"embeddable":true,"href":"https:\/\/zonalimitrofe-cbnr.com\/index.php\/wp-json\/wp\/v2\/media\/26013"}],"wp:attachment":[{"href":"https:\/\/zonalimitrofe-cbnr.com\/index.php\/wp-json\/wp\/v2\/media?parent=26012"}],"wp:term":[{"taxonomy":"category","embeddable":true,"href":"https:\/\/zonalimitrofe-cbnr.com\/index.php\/wp-json\/wp\/v2\/categories?post=26012"},{"taxonomy":"post_tag","embeddable":true,"href":"https:\/\/zonalimitrofe-cbnr.com\/index.php\/wp-json\/wp\/v2\/tags?post=26012"}],"curies":[{"name":"wp","href":"https:\/\/api.w.org\/{rel}","templated":true}]}}