{"id":25964,"date":"2025-10-09T21:41:43","date_gmt":"2025-10-10T03:41:43","guid":{"rendered":"https:\/\/zonalimitrofe-cbnr.com\/?p=25964"},"modified":"2025-10-09T21:41:43","modified_gmt":"2025-10-10T03:41:43","slug":"lerdo-fortalece-susy-torrecillas-coordinacion-con-dependencias-del-gobierno-estatal","status":"publish","type":"post","link":"https:\/\/zonalimitrofe-cbnr.com\/index.php\/2025\/10\/09\/lerdo-fortalece-susy-torrecillas-coordinacion-con-dependencias-del-gobierno-estatal\/","title":{"rendered":"#Lerdo. FORTALECE SUSY TORRECILLAS COORDINACI\u00d3N CON DEPENDENCIAS DEL GOBIERNO ESTATAL*"},"content":{"rendered":"\n<p>Lerdo, 09 de octubre 2025.- Con el prop\u00f3sito de continuar fortaleciendo la gesti\u00f3n institucional y garantizar m\u00e1s obras y mejores resultados para las familias lerdenses, la presidenta municipal Susy Carolina Torrecillas Salazar sostuvo una intensa jornada de trabajo en la ciudad de Durango, donde se reuni\u00f3 con representantes de distintas dependencias del Gobierno del Estado.<\/p>\n\n\n\n<p>Durante los encuentros, la alcaldesa abord\u00f3 temas relacionados con el presupuesto 2026 y los nuevos proyectos de infraestructura para Lerdo, en coordinaci\u00f3n con la Entidad de Auditor\u00eda Superior del Estado, la Secretar\u00eda de Finanzas y Administraci\u00f3n, as\u00ed como la Secretar\u00eda de Obras P\u00fablicas.<\/p>\n\n\n\n<p>\u201cEstuve en la ciudad de Durango para continuar trabajando por Lerdo, fortaleciendo la gesti\u00f3n y el trabajo en equipo con distintas dependencias del estado. Porque cuando se trabaja con orden, transparencia y compromiso, los resultados llegan. El objetivo ser\u00e1 tener cero observaciones y dar atenci\u00f3n a los temas m\u00e1s importantes de obra p\u00fablica\u201d, expres\u00f3 Susy Torrecillas.<\/p>\n\n\n\n<p>Con estas acciones, el Gobierno Municipal de Lerdo reafirma su compromiso con una administraci\u00f3n eficiente, honesta y de resultados, impulsando proyectos que contribuyan al desarrollo urbano, la infraestructura y el bienestar de las familias lerdenses.<\/p>\n","protected":false},"excerpt":{"rendered":"<p>Lerdo, 09 de octubre 2025.- Con el prop\u00f3sito de continuar fortaleciendo la gesti\u00f3n institucional y garantizar m\u00e1s obras y mejores resultados para las familias lerdenses, la presidenta municipal Susy Carolina Torrecillas Salazar sostuvo una intensa jornada de trabajo en la ciudad de Durango, donde se reuni\u00f3 con representantes de distintas dependencias del Gobierno del Estado. [&hellip;]<\/p>\n","protected":false},"author":1,"featured_media":25965,"comment_status":"open","ping_status":"open","sticky":false,"template":"","format":"standard","meta":{"_monsterinsights_skip_tracking":false,"_monsterinsights_sitenote_active":false,"_monsterinsights_sitenote_note":"","_monsterinsights_sitenote_category":0,"footnotes":""},"categories":[1],"tags":[],"_links":{"self":[{"href":"https:\/\/zonalimitrofe-cbnr.com\/index.php\/wp-json\/wp\/v2\/posts\/25964"}],"collection":[{"href":"https:\/\/zonalimitrofe-cbnr.com\/index.php\/wp-json\/wp\/v2\/posts"}],"about":[{"href":"https:\/\/zonalimitrofe-cbnr.com\/index.php\/wp-json\/wp\/v2\/types\/post"}],"author":[{"embeddable":true,"href":"https:\/\/zonalimitrofe-cbnr.com\/index.php\/wp-json\/wp\/v2\/users\/1"}],"replies":[{"embeddable":true,"href":"https:\/\/zonalimitrofe-cbnr.com\/index.php\/wp-json\/wp\/v2\/comments?post=25964"}],"version-history":[{"count":1,"href":"https:\/\/zonalimitrofe-cbnr.com\/index.php\/wp-json\/wp\/v2\/posts\/25964\/revisions"}],"predecessor-version":[{"id":25966,"href":"https:\/\/zonalimitrofe-cbnr.com\/index.php\/wp-json\/wp\/v2\/posts\/25964\/revisions\/25966"}],"wp:featuredmedia":[{"embeddable":true,"href":"https:\/\/zonalimitrofe-cbnr.com\/index.php\/wp-json\/wp\/v2\/media\/25965"}],"wp:attachment":[{"href":"https:\/\/zonalimitrofe-cbnr.com\/index.php\/wp-json\/wp\/v2\/media?parent=25964"}],"wp:term":[{"taxonomy":"category","embeddable":true,"href":"https:\/\/zonalimitrofe-cbnr.com\/index.php\/wp-json\/wp\/v2\/categories?post=25964"},{"taxonomy":"post_tag","embeddable":true,"href":"https:\/\/zonalimitrofe-cbnr.com\/index.php\/wp-json\/wp\/v2\/tags?post=25964"}],"curies":[{"name":"wp","href":"https:\/\/api.w.org\/{rel}","templated":true}]}}