{"id":25945,"date":"2025-10-08T22:32:29","date_gmt":"2025-10-09T04:32:29","guid":{"rendered":"https:\/\/zonalimitrofe-cbnr.com\/?p=25945"},"modified":"2025-10-08T22:32:29","modified_gmt":"2025-10-09T04:32:29","slug":"torreon-reitera-el-alcalde-que-torreon-es-una-ciudad-segura-donde-se-pueden-realizar-todo-tipo-de-eventos","status":"publish","type":"post","link":"https:\/\/zonalimitrofe-cbnr.com\/index.php\/2025\/10\/08\/torreon-reitera-el-alcalde-que-torreon-es-una-ciudad-segura-donde-se-pueden-realizar-todo-tipo-de-eventos\/","title":{"rendered":"#Torre\u00f3n. Reitera el Alcalde, que Torre\u00f3n es una ciudad segura donde se pueden realizar todo tipo de eventos"},"content":{"rendered":"\n<p><strong>Torre\u00f3n, Coahuila. A 08 de octubre de 2025.-<\/strong> Durante la trig\u00e9sima s\u00e9ptima reuni\u00f3n semanal de seguridad, el alcalde Rom\u00e1n Alberto Cepeda Gonz\u00e1lez destac\u00f3 que se mantiene un clima de orden y paz social en el municipio, y se\u00f1al\u00f3 que la Feria de Torre\u00f3n, la cual registr\u00f3 una asistencia de 403 mil 092 personas y saldo blanco, es un ejemplo de que estos eventos se pueden llevar a cabo con tranquilidad en beneficio de la convivencia familiar. El Presidente Municipal dijo que la buena coordinaci\u00f3n con el gobernador Manolo Jim\u00e9nez Salinas, es lo que ha permitido que Torre\u00f3n sea sede de eventos deportivos, musicales y culturales que se desarrollan con tranquilidad y en orden. Dijo adem\u00e1s que se reforzar\u00e1n todas las acciones de seguridad en beneficio de la ciudadan\u00eda en conjunto con todos los \u00f3rdenes de Gobierno, y agreg\u00f3 que estar\u00e1 atento a los mapas de calor para prevenir con inteligencia, adiestramiento, armamento y parque vehicular, cualquier situaci\u00f3n en Torre\u00f3n. \u201cCuidar a Torre\u00f3n es tarea nuestra, y es importante que prevalezca la coordinaci\u00f3n y la unidad de todos los \u00f3rdenes de Gobierno para crear y ejecutar estrategias que favorezcan la seguridad en el municipio\u201d. Rom\u00e1n Alberto Cepeda Gonz\u00e1lez reconoci\u00f3 el compromiso de todas las corporaciones de seguridad, as\u00ed como la participaci\u00f3n ciudadana, pues son fundamentales para mantener la confianza en Torre\u00f3n. Referente al \u00edndice semanal de incidencia delictiva, el comisario Alfredo Flores Originales, director de la Polic\u00eda de Torre\u00f3n, inform\u00f3 que del 28 de septiembre al 05 de octubre disminuy\u00f3 el robo a local comercial, con 5 eventos; robo a transportista, con un evento; y se mantuvo el de robo a casa habitaci\u00f3n, con 7 eventos. La Polic\u00eda Municipal efectu\u00f3 140 detenciones que fueron remitidas al Ministerio P\u00fablico y 128 al Juez Calificador. El Grupo de Reacci\u00f3n Torre\u00f3n realiz\u00f3 23 detenciones relacionadas con la posesi\u00f3n de narc\u00f3ticos.<\/p>\n\n\n\n<p>Adem\u00e1s, el Comisario destac\u00f3 el fortalecimiento de la proximidad social, y servicio social como el apoyo a los ciudadanos para el traslado a personas en situaciones de emergencia y la ayuda a automovilistas varados.<\/p>\n\n\n\n<p>Martha Esther Rodr\u00edguez Romero, directora del Centro de Justicia Municipal (CJM), inform\u00f3 que contin\u00faan aplic\u00e1ndose pruebas antidoping al personal de peritos y jueces.<\/p>\n\n\n\n<p>Dijo que esta semana se realizaron los ex\u00e1menes correspondientes al personal de Tr\u00e1nsito y Vialidad, con resultados negativos.<\/p>\n\n\n\n<p>Por su parte, Martha Alicia Faz D\u00e1vila, directora de Tr\u00e1nsito y Vialidad, mencion\u00f3 que fueron atendidos 870 alumnos esta semana, con el programa de Educaci\u00f3n Vial en instituciones de los tres niveles educativos.<\/p>\n\n\n\n<p>Asimismo, coment\u00f3 que se implement\u00f3 un operativo informativo para difundir con los conductores de veh\u00edculos de carga pesada la restricci\u00f3n sobre el bulevar Independencia, redirigi\u00e9ndolos a v\u00edas alternas.<\/p>\n\n\n\n<p>Luis Alberto Morales Cort\u00e9s, director general de Vialidad y Movilidad Urbana, dio a conocer que realiz\u00f3 el taller de \u201cEducaci\u00f3n Vial\u201d en coordinaci\u00f3n con Facultad de Ingenier\u00eda Civil, Administraci\u00f3n Fiscal y Financiera de la UAdeC, donde adem\u00e1s se present\u00f3 el programa de \u201cMi primera licencia\u201d, el cual registr\u00f3 a 63 alumnos interesados en participar.<\/p>\n\n\n\n<p>Indic\u00f3 que llev\u00f3 a cabo la capacitaci\u00f3n \u201cConducci\u00f3n defensiva y preventiva\u201d, en la cual se brindaron las herramientas necesarias para que los motociclistas se trasladen de una forma segura y consciente.<\/p>\n\n\n\n<p>Jorge Luis Ju\u00e1rez Llanas, director de Protecci\u00f3n Civil y Bomberos, dijo que esta semana se atendieron 191 servicios por parte de las diferentes estaciones de la corporaci\u00f3n.<\/p>\n\n\n\n<p>En cuanto a las acciones preventivas por las lluvias, inform\u00f3 que se mantuvo el trabajo coordinado para atender el desag\u00fce y la absorci\u00f3n de los pozos de captaci\u00f3n; adem\u00e1s la atenci\u00f3n a emergencias por reportes y la asistencia permanente en la Feria de Torre\u00f3n, los eventos musicales, de recreaci\u00f3n y deportivos.<\/p>\n\n\n\n<p>Por parte de Inspecci\u00f3n y Verificaci\u00f3n, Pablo Fern\u00e1ndez Llamas, se\u00f1al\u00f3 que los principales reportes que recibi\u00f3 la dependencia mediante el sistema 073, fueron 11 por obstrucci\u00f3n de la v\u00eda p\u00fablica; y por veh\u00edculos chatarra con 08 hechos.<\/p>\n\n\n\n<p>Asimismo, indic\u00f3 la labor en los diferentes operativos de limpieza, el levantamiento de veh\u00edculos en estado de abandono, alcohol\u00edmetro y la supervisi\u00f3n de los bares y establecimientos.<\/p>\n","protected":false},"excerpt":{"rendered":"<p>Torre\u00f3n, Coahuila. A 08 de octubre de 2025.- Durante la trig\u00e9sima s\u00e9ptima reuni\u00f3n semanal de seguridad, el alcalde Rom\u00e1n Alberto Cepeda Gonz\u00e1lez destac\u00f3 que se mantiene un clima de orden y paz social en el municipio, y se\u00f1al\u00f3 que la Feria de Torre\u00f3n, la cual registr\u00f3 una asistencia de 403 mil 092 personas y saldo [&hellip;]<\/p>\n","protected":false},"author":1,"featured_media":25946,"comment_status":"open","ping_status":"open","sticky":false,"template":"","format":"standard","meta":{"_monsterinsights_skip_tracking":false,"_monsterinsights_sitenote_active":false,"_monsterinsights_sitenote_note":"","_monsterinsights_sitenote_category":0,"footnotes":""},"categories":[1],"tags":[],"_links":{"self":[{"href":"https:\/\/zonalimitrofe-cbnr.com\/index.php\/wp-json\/wp\/v2\/posts\/25945"}],"collection":[{"href":"https:\/\/zonalimitrofe-cbnr.com\/index.php\/wp-json\/wp\/v2\/posts"}],"about":[{"href":"https:\/\/zonalimitrofe-cbnr.com\/index.php\/wp-json\/wp\/v2\/types\/post"}],"author":[{"embeddable":true,"href":"https:\/\/zonalimitrofe-cbnr.com\/index.php\/wp-json\/wp\/v2\/users\/1"}],"replies":[{"embeddable":true,"href":"https:\/\/zonalimitrofe-cbnr.com\/index.php\/wp-json\/wp\/v2\/comments?post=25945"}],"version-history":[{"count":1,"href":"https:\/\/zonalimitrofe-cbnr.com\/index.php\/wp-json\/wp\/v2\/posts\/25945\/revisions"}],"predecessor-version":[{"id":25947,"href":"https:\/\/zonalimitrofe-cbnr.com\/index.php\/wp-json\/wp\/v2\/posts\/25945\/revisions\/25947"}],"wp:featuredmedia":[{"embeddable":true,"href":"https:\/\/zonalimitrofe-cbnr.com\/index.php\/wp-json\/wp\/v2\/media\/25946"}],"wp:attachment":[{"href":"https:\/\/zonalimitrofe-cbnr.com\/index.php\/wp-json\/wp\/v2\/media?parent=25945"}],"wp:term":[{"taxonomy":"category","embeddable":true,"href":"https:\/\/zonalimitrofe-cbnr.com\/index.php\/wp-json\/wp\/v2\/categories?post=25945"},{"taxonomy":"post_tag","embeddable":true,"href":"https:\/\/zonalimitrofe-cbnr.com\/index.php\/wp-json\/wp\/v2\/tags?post=25945"}],"curies":[{"name":"wp","href":"https:\/\/api.w.org\/{rel}","templated":true}]}}