{"id":25939,"date":"2025-10-08T22:20:12","date_gmt":"2025-10-09T04:20:12","guid":{"rendered":"https:\/\/zonalimitrofe-cbnr.com\/?p=25939"},"modified":"2025-10-08T22:20:12","modified_gmt":"2025-10-09T04:20:12","slug":"lerdo-susy-torrecillas-y-marisol-rosso-llevan-primer-cafe-rosa-con-trabajadores-de-yura-corporation","status":"publish","type":"post","link":"https:\/\/zonalimitrofe-cbnr.com\/index.php\/2025\/10\/08\/lerdo-susy-torrecillas-y-marisol-rosso-llevan-primer-cafe-rosa-con-trabajadores-de-yura-corporation\/","title":{"rendered":"#Lerdo. SUSY TORRECILLAS Y MARISOL ROSSO LLEVAN PRIMER \u201cCAF\u00c9 ROSA\u201d CON TRABAJADORES DE YURA CORPORATION*"},"content":{"rendered":"\n<p>Lerdo, 08 de octubre 2025.- La Presidenta Municipal Susy Carolina Torrecillas Salazar acompa\u00f1\u00f3 el pasado martes a la presidenta honoraria del DIF Estatal, Marisol Rosso Rivera, al primer \u201cCaf\u00e9 Rosa\u201d realizado en la empresa Yura Corporation, donde se abord\u00f3 la importancia de la detecci\u00f3n oportuna del c\u00e1ncer de mama.<\/p>\n\n\n\n<p>Durante el encuentro, especialistas compartieron informaci\u00f3n preventiva con trabajadoras y trabajadores de la empresa, a trav\u00e9s de charlas y din\u00e1micas enfocadas en crear conciencia sobre esta enfermedad, que tambi\u00e9n puede presentarse en varones.<\/p>\n\n\n\n<p>En su mensaje, la Alcaldesa Susy Torrecillas destac\u00f3 el compromiso del DIF Estatal y de Marisol Rosso por impulsar este tipo de actividades, las cuales forman parte de la agenda del Octubre Rosa 2025, mes dedicado a la prevenci\u00f3n y atenci\u00f3n del c\u00e1ncer de mama. \u201cEstos espacios permiten sensibilizar y fomentar la cultura del autocuidado, porque la detecci\u00f3n temprana salva vidas\u201d, se\u00f1al\u00f3.<\/p>\n\n\n\n<p>Por su parte, Marisol Rosso explic\u00f3 que los \u201cCaf\u00e9s Rosas\u201d y la Ruta de la Salud se han consolidado como el coraz\u00f3n del Octubre Rosa en Durango, beneficiando este a\u00f1o a m\u00e1s de 11 municipios y comunidades rurales con jornadas m\u00e9dicas, caminatas y pl\u00e1ticas informativas.<\/p>\n\n\n\n<p>Durante la charla, una especialista invitada resolvi\u00f3 dudas sobre los factores de riesgo y la importancia de la autoexploraci\u00f3n, destacando que cada vez se registran casos en personas m\u00e1s j\u00f3venes.<\/p>\n\n\n\n<p>Finalmente, las autoridades realizaron un breve recorrido por las instalaciones de la empresa, que cuenta con una plantilla de m\u00e1s de 950 trabajadores, reconociendo el compromiso social de Yura Corporation al sumarse a las acciones de salud preventiva.<\/p>\n\n\n\n<p>Ambas autoridades invitaron a la poblaci\u00f3n a la pr\u00f3xima jornada de \u201cRuta de la Salud\u201d que se llevar\u00e1 a cabo en la Villa de Juan E. Garc\u00eda, donde se estar\u00e1 atendiendo a la comunidad en general del \u00e1rea rural del Municipio.<\/p>\n\n\n\n<p>\u00a1Por Lerdo Todo!<\/p>\n","protected":false},"excerpt":{"rendered":"<p>Lerdo, 08 de octubre 2025.- La Presidenta Municipal Susy Carolina Torrecillas Salazar acompa\u00f1\u00f3 el pasado martes a la presidenta honoraria del DIF Estatal, Marisol Rosso Rivera, al primer \u201cCaf\u00e9 Rosa\u201d realizado en la empresa Yura Corporation, donde se abord\u00f3 la importancia de la detecci\u00f3n oportuna del c\u00e1ncer de mama. Durante el encuentro, especialistas compartieron informaci\u00f3n [&hellip;]<\/p>\n","protected":false},"author":1,"featured_media":25940,"comment_status":"open","ping_status":"open","sticky":false,"template":"","format":"standard","meta":{"_monsterinsights_skip_tracking":false,"_monsterinsights_sitenote_active":false,"_monsterinsights_sitenote_note":"","_monsterinsights_sitenote_category":0,"footnotes":""},"categories":[1],"tags":[],"_links":{"self":[{"href":"https:\/\/zonalimitrofe-cbnr.com\/index.php\/wp-json\/wp\/v2\/posts\/25939"}],"collection":[{"href":"https:\/\/zonalimitrofe-cbnr.com\/index.php\/wp-json\/wp\/v2\/posts"}],"about":[{"href":"https:\/\/zonalimitrofe-cbnr.com\/index.php\/wp-json\/wp\/v2\/types\/post"}],"author":[{"embeddable":true,"href":"https:\/\/zonalimitrofe-cbnr.com\/index.php\/wp-json\/wp\/v2\/users\/1"}],"replies":[{"embeddable":true,"href":"https:\/\/zonalimitrofe-cbnr.com\/index.php\/wp-json\/wp\/v2\/comments?post=25939"}],"version-history":[{"count":1,"href":"https:\/\/zonalimitrofe-cbnr.com\/index.php\/wp-json\/wp\/v2\/posts\/25939\/revisions"}],"predecessor-version":[{"id":25941,"href":"https:\/\/zonalimitrofe-cbnr.com\/index.php\/wp-json\/wp\/v2\/posts\/25939\/revisions\/25941"}],"wp:featuredmedia":[{"embeddable":true,"href":"https:\/\/zonalimitrofe-cbnr.com\/index.php\/wp-json\/wp\/v2\/media\/25940"}],"wp:attachment":[{"href":"https:\/\/zonalimitrofe-cbnr.com\/index.php\/wp-json\/wp\/v2\/media?parent=25939"}],"wp:term":[{"taxonomy":"category","embeddable":true,"href":"https:\/\/zonalimitrofe-cbnr.com\/index.php\/wp-json\/wp\/v2\/categories?post=25939"},{"taxonomy":"post_tag","embeddable":true,"href":"https:\/\/zonalimitrofe-cbnr.com\/index.php\/wp-json\/wp\/v2\/tags?post=25939"}],"curies":[{"name":"wp","href":"https:\/\/api.w.org\/{rel}","templated":true}]}}