{"id":25907,"date":"2025-10-07T21:55:33","date_gmt":"2025-10-08T03:55:33","guid":{"rendered":"https:\/\/zonalimitrofe-cbnr.com\/?p=25907"},"modified":"2025-10-07T21:55:34","modified_gmt":"2025-10-08T03:55:34","slug":"durango-esteban-villegas-cumple-compromiso-con-la-secundaria-quetzalcoatl-al-iniciar-la-construccion-del-area-administrativa","status":"publish","type":"post","link":"https:\/\/zonalimitrofe-cbnr.com\/index.php\/2025\/10\/07\/durango-esteban-villegas-cumple-compromiso-con-la-secundaria-quetzalcoatl-al-iniciar-la-construccion-del-area-administrativa\/","title":{"rendered":"#Durango. Esteban Villegas cumple compromiso con la Secundaria Quetzalc\u00f3atl al iniciar la construcci\u00f3n del \u00e1rea administrativa*"},"content":{"rendered":"\n<ul>\n<li><em>La nueva \u00e1rea consolidar\u00e1 la modernizaci\u00f3n del plantel con una inversi\u00f3n superior a 1.8 mdp.<\/em><\/li>\n\n\n\n<li><em>En dos a\u00f1os, la escuela ha recibido m\u00e1s de 4 millones de pesos en obras educativas.<\/em><\/li>\n<\/ul>\n\n\n\n<p>Con el objetivo de fortalecer la infraestructura educativa en la capital, el gobernador Esteban Villegas Villarreal, junto al presidente municipal To\u00f1o Ochoa, encabez\u00f3 el arranque de la construcci\u00f3n del \u00e1rea administrativa en la Escuela Secundaria Quetzalc\u00f3atl del ejido Benito Ju\u00e1rez. Esta obra, con una inversi\u00f3n de 1 mill\u00f3n 851 mil pesos, permitir\u00e1 mejorar la planeaci\u00f3n acad\u00e9mica, la atenci\u00f3n administrativa y los servicios escolares del plantel.<\/p>\n\n\n\n<p>Acompa\u00f1ado por el secretario de Educaci\u00f3n, Guillermo Adame Calder\u00f3n, y del director general del INIFEED, Emmanuel del Palacio Sicksik, Villegas Villarreal destac\u00f3 que este proyecto da continuidad al compromiso adquirido con la comunidad escolar en 2023, cuando se entregaron la biblioteca, la escalera y la red el\u00e9ctrica con una inversi\u00f3n adicional de 2.2 millones de pesos. \u201cHoy venimos a cumplir nuestra palabra. Estas \u00e1reas son el coraz\u00f3n administrativo de las escuelas y parte del esfuerzo por brindar espacios dignos para nuestros j\u00f3venes\u201d, expres\u00f3 el mandatario estatal.<\/p>\n\n\n\n<p>El Gobernador subray\u00f3 que su administraci\u00f3n ha destinado m\u00e1s de 500 millones de pesos a infraestructura educativa en todo el estado, con acciones que incluyen la rehabilitaci\u00f3n de aulas, sanitarios, auditorios y equipamiento tecnol\u00f3gico. \u201cEstamos haciendo realidad el Durango que so\u00f1amos: uno donde cada joven tenga la oportunidad de estudiar en condiciones seguras y de calidad\u201d, afirm\u00f3.<\/p>\n\n\n\n<p>Durante su mensaje, Esteban llam\u00f3 a los estudiantes a perseguir sus metas sin miedo: \u201cLa diferencia entre hacer algo ordinario o extraordinario est\u00e1 en ese toque de locura y riesgo para hacer lo que otros no se atreven. No le tengan miedo a nada, todo se puede\u201d. Destac\u00f3 adem\u00e1s que Durango es el \u00fanico estado que entrega uniformes gratuitos para promover igualdad entre los alumnos.<\/p>\n\n\n\n<p>Durante su mensaje, Esteban llam\u00f3 a los estudiantes a perseguir sus metas sin miedo: \u201cLa diferencia entre hacer algo ordinario o extraordinario est\u00e1 en ese toque de locura y riesgo para hacer lo que otros no se atreven. No le tengan miedo a nada, todo se puede\u201d, expres\u00f3 ante la comunidad educativa.<\/p>\n\n\n\n<p>Por su parte, Guillermo Adame, reconoci\u00f3 el liderazgo del Gobernador al impulsar el presupuesto m\u00e1s alto en la historia del estado para infraestructura escolar. \u201cNo solo estamos construyendo edificios, tambi\u00e9n sembramos esperanza y futuro para nuestros estudiantes\u201d, se\u00f1al\u00f3.<\/p>\n\n\n\n<p>Finalmente, la maestra del plantel, Sandra Manuela Garc\u00eda L\u00f3pez, agradeci\u00f3 el respaldo del Gobierno del Estado y destac\u00f3 la transformaci\u00f3n de la escuela: \u201cHoy contamos con espacios dignos y funcionales gracias a una administraci\u00f3n que cree en la educaci\u00f3n como motor de cambio y desarrollo\u201d, concluy\u00f3.<\/p>\n\n\n\n<p>El evento tambi\u00e9n cont\u00f3 con la presencia del diputado local Noel Fern\u00e1ndez Maturino; la Directora del Instituto Estatal de la Mujer, Grecia Hern\u00e1ndez Carrazco y Roberto Carlos Ram\u00edrez Espinoza, presidente de la Asociaci\u00f3n Estatal de Padres de Familia.<\/p>\n","protected":false},"excerpt":{"rendered":"<p>Con el objetivo de fortalecer la infraestructura educativa en la capital, el gobernador Esteban Villegas Villarreal, junto al presidente municipal To\u00f1o Ochoa, encabez\u00f3 el arranque de la construcci\u00f3n del \u00e1rea administrativa en la Escuela Secundaria Quetzalc\u00f3atl del ejido Benito Ju\u00e1rez. Esta obra, con una inversi\u00f3n de 1 mill\u00f3n 851 mil pesos, permitir\u00e1 mejorar la planeaci\u00f3n [&hellip;]<\/p>\n","protected":false},"author":1,"featured_media":25908,"comment_status":"open","ping_status":"open","sticky":false,"template":"","format":"standard","meta":{"_monsterinsights_skip_tracking":false,"_monsterinsights_sitenote_active":false,"_monsterinsights_sitenote_note":"","_monsterinsights_sitenote_category":0,"footnotes":""},"categories":[1],"tags":[],"_links":{"self":[{"href":"https:\/\/zonalimitrofe-cbnr.com\/index.php\/wp-json\/wp\/v2\/posts\/25907"}],"collection":[{"href":"https:\/\/zonalimitrofe-cbnr.com\/index.php\/wp-json\/wp\/v2\/posts"}],"about":[{"href":"https:\/\/zonalimitrofe-cbnr.com\/index.php\/wp-json\/wp\/v2\/types\/post"}],"author":[{"embeddable":true,"href":"https:\/\/zonalimitrofe-cbnr.com\/index.php\/wp-json\/wp\/v2\/users\/1"}],"replies":[{"embeddable":true,"href":"https:\/\/zonalimitrofe-cbnr.com\/index.php\/wp-json\/wp\/v2\/comments?post=25907"}],"version-history":[{"count":1,"href":"https:\/\/zonalimitrofe-cbnr.com\/index.php\/wp-json\/wp\/v2\/posts\/25907\/revisions"}],"predecessor-version":[{"id":25909,"href":"https:\/\/zonalimitrofe-cbnr.com\/index.php\/wp-json\/wp\/v2\/posts\/25907\/revisions\/25909"}],"wp:featuredmedia":[{"embeddable":true,"href":"https:\/\/zonalimitrofe-cbnr.com\/index.php\/wp-json\/wp\/v2\/media\/25908"}],"wp:attachment":[{"href":"https:\/\/zonalimitrofe-cbnr.com\/index.php\/wp-json\/wp\/v2\/media?parent=25907"}],"wp:term":[{"taxonomy":"category","embeddable":true,"href":"https:\/\/zonalimitrofe-cbnr.com\/index.php\/wp-json\/wp\/v2\/categories?post=25907"},{"taxonomy":"post_tag","embeddable":true,"href":"https:\/\/zonalimitrofe-cbnr.com\/index.php\/wp-json\/wp\/v2\/tags?post=25907"}],"curies":[{"name":"wp","href":"https:\/\/api.w.org\/{rel}","templated":true}]}}