{"id":25889,"date":"2025-10-07T20:56:14","date_gmt":"2025-10-08T02:56:14","guid":{"rendered":"https:\/\/zonalimitrofe-cbnr.com\/?p=25889"},"modified":"2025-10-07T20:56:14","modified_gmt":"2025-10-08T02:56:14","slug":"torreon-roman-alberto-cepeda-gonzalez-presenta-el-festival-del-mitote-lagunero","status":"publish","type":"post","link":"https:\/\/zonalimitrofe-cbnr.com\/index.php\/2025\/10\/07\/torreon-roman-alberto-cepeda-gonzalez-presenta-el-festival-del-mitote-lagunero\/","title":{"rendered":"#Torre\u00f3n. Rom\u00e1n Alberto Cepeda Gonz\u00e1lez presenta el Festival del Mitote Lagunero"},"content":{"rendered":"\n<p>Torre\u00f3n, Coahuila. A 7 de octubre de 2025<\/p>\n\n\n\n<p>Este martes en rueda de prensa, el alcalde Rom\u00e1n Alberto Cepeda Gonz\u00e1lez present\u00f3 el primer Festival del Mitote Lagunero con una inversi\u00f3n de cuatro millones de pesos; las actividades art\u00edsticas y culturales ser\u00e1n del 29 de octubre al 16 de noviembre del 2025 en Torre\u00f3n.<\/p>\n\n\n\n<p>Durante las actividades del festival, el cual se llevar\u00e1 a cabo en coordinaci\u00f3n con el gobernador de Coahuila, Manolo Jim\u00e9nez Salinas, se espera una asistencia de 100 mil personas en los distintos espacios p\u00fablicos de la ciudad.<\/p>\n\n\n\n<p>Este festival tiene como objetivo celebrar la identidad y tradiciones de la regi\u00f3n, entendiendo al \u201cMitote Lagunero\u201d como una gran fiesta comunitaria, que busca fortalecer e impulsar el arte y la cultura en beneficio de la ciudadan\u00eda.<\/p>\n\n\n\n<p>El Presidente Municipal destac\u00f3 que la programaci\u00f3n del festival incluye diversas disciplinas como el teatro, la m\u00fasica, la danza, artes esc\u00e9nicas, artes visuales, gastronom\u00eda y literatura, entre otras.<\/p>\n\n\n\n<p>Se\u00f1al\u00f3 que se busca retomar la esencia de lo que es el mitote lagunero, y que se llevar\u00e1 a cabo en diferentes sedes. \u201cSon m\u00e1s de 52 actividades en 25 espacios diferentes, adem\u00e1s de las actividades en distintas colonias\u201d.<\/p>\n\n\n\n<p>Rom\u00e1n Alberto Cepeda Gonz\u00e1lez explic\u00f3 que El Mitote Lagunero inicia el 29 de octubre con la presentaci\u00f3n del ballet de Monterrey en el teatro Isauro Mart\u00ednez, contin\u00faa el 31 de octubre con el desfile del D\u00eda de Muertos, el 9 de noviembre con la final del concurso \u201cMi querido Torre\u00f3n Canta\u201d y el concierto del grupo musical Mi Barrio Colombiano.<\/p>\n\n\n\n<p>Adem\u00e1s, para noviembre est\u00e1 programado: el concierto de homenaje a Ram\u00f3n Shade el d\u00eda 10; para el 12 el recital de \u00f3pera con Nadine Sierra, el 15 ser\u00e1 el festival de La Paella, mientras que el 16 de este mes el festival del Sotol.<\/p>\n\n\n\n<p>Entre las sedes participantes est\u00e1n los teatros Isauro Mart\u00ednez, Alfonso Garibay el Jos\u00e9 R mijares. Adem\u00e1s, seis museos: Canal de la Perla, del Ferrocarril, la Casa del Cerro, Museo del Algod\u00f3n, el Regional de la Laguna y la Casa Mud\u00e9jar.<\/p>\n\n\n\n<p>As\u00ed como los espacios p\u00fablicos como la Plaza de Zaragoza Sur, Sol de Oriente, Magdalenas, Paseo Col\u00f3n, L\u00ednea Verde, Bosque Urbano, Plaza de Armas, y la Plaza Mayor.<\/p>\n\n\n\n<p>Tambi\u00e9n ser\u00e1n sede del festival, el Instituto Municipal de Cultura y Educaci\u00f3n (IMCE), el Archivo Municipal y la escuela de m\u00fasica y danza, y as\u00ed como el Centro Cultural de la Antigua Harinera; tres bibliotecas p\u00fablicas y el Centro de Convenciones Torre\u00f3n.<\/p>\n\n\n\n<p>El Alcalde invit\u00f3 a la ciudadan\u00eda a participar y a disfrutar de este Mitote Lagunero, el cual es posible, dijo, gracias las condiciones de seguridad que prevalecen en Torre\u00f3n.<\/p>\n\n\n\n<p>\u201cLa seguridad es un eje de Gobierno planteando desde 2022 y que contin\u00faa a\u00f1o con a\u00f1o hasta el d\u00eda de hoy. Sin embargo, la parte de la prevenci\u00f3n tambi\u00e9n es importante, el fortalecer el arte, la cultura, la convivencia, que la comunidad disfrute de los espacios p\u00fablicos como lo hizo el 15 de septiembre, que acudan a los teatros, las plazas, y todas las \u00e1reas para practicar el deporte\u201d, dijo el edil.<\/p>\n\n\n\n<p>Estuvieron tambi\u00e9n: Antonio M\u00e9ndez Vigat\u00e1, director del Instituto Municipal de Cultura y Educaci\u00f3n (IMCE); H\u00e9ctor Estrada Baca, director general de Desarrollo Social; Marlene Mart\u00ednez Vald\u00e9s, directora general del DIF Torre\u00f3n; y Guillermo Mart\u00ednez \u00c1vila, director de Turismo.<\/p>\n","protected":false},"excerpt":{"rendered":"<p>Torre\u00f3n, Coahuila. A 7 de octubre de 2025 Este martes en rueda de prensa, el alcalde Rom\u00e1n Alberto Cepeda Gonz\u00e1lez present\u00f3 el primer Festival del Mitote Lagunero con una inversi\u00f3n de cuatro millones de pesos; las actividades art\u00edsticas y culturales ser\u00e1n del 29 de octubre al 16 de noviembre del 2025 en Torre\u00f3n. Durante las [&hellip;]<\/p>\n","protected":false},"author":1,"featured_media":25890,"comment_status":"open","ping_status":"open","sticky":false,"template":"","format":"standard","meta":{"_monsterinsights_skip_tracking":false,"_monsterinsights_sitenote_active":false,"_monsterinsights_sitenote_note":"","_monsterinsights_sitenote_category":0,"footnotes":""},"categories":[1],"tags":[],"_links":{"self":[{"href":"https:\/\/zonalimitrofe-cbnr.com\/index.php\/wp-json\/wp\/v2\/posts\/25889"}],"collection":[{"href":"https:\/\/zonalimitrofe-cbnr.com\/index.php\/wp-json\/wp\/v2\/posts"}],"about":[{"href":"https:\/\/zonalimitrofe-cbnr.com\/index.php\/wp-json\/wp\/v2\/types\/post"}],"author":[{"embeddable":true,"href":"https:\/\/zonalimitrofe-cbnr.com\/index.php\/wp-json\/wp\/v2\/users\/1"}],"replies":[{"embeddable":true,"href":"https:\/\/zonalimitrofe-cbnr.com\/index.php\/wp-json\/wp\/v2\/comments?post=25889"}],"version-history":[{"count":1,"href":"https:\/\/zonalimitrofe-cbnr.com\/index.php\/wp-json\/wp\/v2\/posts\/25889\/revisions"}],"predecessor-version":[{"id":25891,"href":"https:\/\/zonalimitrofe-cbnr.com\/index.php\/wp-json\/wp\/v2\/posts\/25889\/revisions\/25891"}],"wp:featuredmedia":[{"embeddable":true,"href":"https:\/\/zonalimitrofe-cbnr.com\/index.php\/wp-json\/wp\/v2\/media\/25890"}],"wp:attachment":[{"href":"https:\/\/zonalimitrofe-cbnr.com\/index.php\/wp-json\/wp\/v2\/media?parent=25889"}],"wp:term":[{"taxonomy":"category","embeddable":true,"href":"https:\/\/zonalimitrofe-cbnr.com\/index.php\/wp-json\/wp\/v2\/categories?post=25889"},{"taxonomy":"post_tag","embeddable":true,"href":"https:\/\/zonalimitrofe-cbnr.com\/index.php\/wp-json\/wp\/v2\/tags?post=25889"}],"curies":[{"name":"wp","href":"https:\/\/api.w.org\/{rel}","templated":true}]}}