{"id":25886,"date":"2025-10-07T11:24:57","date_gmt":"2025-10-07T17:24:57","guid":{"rendered":"https:\/\/zonalimitrofe-cbnr.com\/?p=25886"},"modified":"2025-10-07T11:24:57","modified_gmt":"2025-10-07T17:24:57","slug":"lerdo-susy-torrecillas-designa-a-alfredo-molina-como-nuevo-director-del-sapal","status":"publish","type":"post","link":"https:\/\/zonalimitrofe-cbnr.com\/index.php\/2025\/10\/07\/lerdo-susy-torrecillas-designa-a-alfredo-molina-como-nuevo-director-del-sapal\/","title":{"rendered":"#Lerdo. SUSY TORRECILLAS DESIGNA A ALFREDO MOLINA COMO NUEVO DIRECTOR DEL SAPAL*"},"content":{"rendered":"\n<p>Lerdo, 07 de octubre 2025.- La Presidenta Municipal Susy Carolina Torrecillas Salazar design\u00f3 al Ing. Alfredo Manuel Molina Mac\u00edas como nuevo director del Sistema de Agua Potable y Alcantarillado de Lerdo (SAPAL), en un acto celebrado en las instalaciones del organismo operador.<\/p>\n\n\n\n<p>Durante el nombramiento, la Alcaldesa destac\u00f3 la importancia de fortalecer la operatividad del SAPAL con una direcci\u00f3n comprometida, t\u00e9cnica y cercana a la ciudadan\u00eda, que impulse acciones encaminadas a mejorar la eficiencia del servicio de agua potable y drenaje en todo el municipio.<\/p>\n\n\n\n<p>\u201cSeguiremos trabajando con responsabilidad y visi\u00f3n para garantizar un servicio oportuno, transparente y de calidad para todas las familias lerdenses\u201d, expres\u00f3 la Alcaldesa Susy Torrecillas, al tiempo que reconoci\u00f3 el trabajo de todo el personal operativo y administrativo del sistema.<\/p>\n\n\n\n<p>Por su parte, el Ing. Alfredo Molina Mac\u00edas agradeci\u00f3 la confianza depositada en su persona y refrend\u00f3 su compromiso de trabajar de manera coordinada con el Gobierno Municipal para consolidar proyectos de modernizaci\u00f3n, mantenimiento y ampliaci\u00f3n de la infraestructura hidr\u00e1ulica.<\/p>\n\n\n\n<p>Se espera que el nombramiento sea ratificado en los pr\u00f3ximos d\u00edas por el Consejo de Administraci\u00f3n del SAPAL, y posteriormente ante el Cabildo del Ayuntamiento de Lerdo, conforme al proceso establecido.<\/p>\n\n\n\n<p>Con esta designaci\u00f3n, el Gobierno Municipal refrenda su compromiso de fortalecer los servicios p\u00fablicos, garantizando el acceso al agua potable como un derecho fundamental para las familias lerdenses.<\/p>\n","protected":false},"excerpt":{"rendered":"<p>Lerdo, 07 de octubre 2025.- La Presidenta Municipal Susy Carolina Torrecillas Salazar design\u00f3 al Ing. Alfredo Manuel Molina Mac\u00edas como nuevo director del Sistema de Agua Potable y Alcantarillado de Lerdo (SAPAL), en un acto celebrado en las instalaciones del organismo operador. Durante el nombramiento, la Alcaldesa destac\u00f3 la importancia de fortalecer la operatividad del [&hellip;]<\/p>\n","protected":false},"author":1,"featured_media":25887,"comment_status":"open","ping_status":"open","sticky":false,"template":"","format":"standard","meta":{"_monsterinsights_skip_tracking":false,"_monsterinsights_sitenote_active":false,"_monsterinsights_sitenote_note":"","_monsterinsights_sitenote_category":0,"footnotes":""},"categories":[1],"tags":[],"_links":{"self":[{"href":"https:\/\/zonalimitrofe-cbnr.com\/index.php\/wp-json\/wp\/v2\/posts\/25886"}],"collection":[{"href":"https:\/\/zonalimitrofe-cbnr.com\/index.php\/wp-json\/wp\/v2\/posts"}],"about":[{"href":"https:\/\/zonalimitrofe-cbnr.com\/index.php\/wp-json\/wp\/v2\/types\/post"}],"author":[{"embeddable":true,"href":"https:\/\/zonalimitrofe-cbnr.com\/index.php\/wp-json\/wp\/v2\/users\/1"}],"replies":[{"embeddable":true,"href":"https:\/\/zonalimitrofe-cbnr.com\/index.php\/wp-json\/wp\/v2\/comments?post=25886"}],"version-history":[{"count":1,"href":"https:\/\/zonalimitrofe-cbnr.com\/index.php\/wp-json\/wp\/v2\/posts\/25886\/revisions"}],"predecessor-version":[{"id":25888,"href":"https:\/\/zonalimitrofe-cbnr.com\/index.php\/wp-json\/wp\/v2\/posts\/25886\/revisions\/25888"}],"wp:featuredmedia":[{"embeddable":true,"href":"https:\/\/zonalimitrofe-cbnr.com\/index.php\/wp-json\/wp\/v2\/media\/25887"}],"wp:attachment":[{"href":"https:\/\/zonalimitrofe-cbnr.com\/index.php\/wp-json\/wp\/v2\/media?parent=25886"}],"wp:term":[{"taxonomy":"category","embeddable":true,"href":"https:\/\/zonalimitrofe-cbnr.com\/index.php\/wp-json\/wp\/v2\/categories?post=25886"},{"taxonomy":"post_tag","embeddable":true,"href":"https:\/\/zonalimitrofe-cbnr.com\/index.php\/wp-json\/wp\/v2\/tags?post=25886"}],"curies":[{"name":"wp","href":"https:\/\/api.w.org\/{rel}","templated":true}]}}