{"id":25864,"date":"2025-10-06T22:40:35","date_gmt":"2025-10-07T04:40:35","guid":{"rendered":"https:\/\/zonalimitrofe-cbnr.com\/?p=25864"},"modified":"2025-10-06T22:40:35","modified_gmt":"2025-10-07T04:40:35","slug":"coahuila-el-pri-es-un-aliado-del-campo-carlos-robles","status":"publish","type":"post","link":"https:\/\/zonalimitrofe-cbnr.com\/index.php\/2025\/10\/06\/coahuila-el-pri-es-un-aliado-del-campo-carlos-robles\/","title":{"rendered":"#Coahuila. El PRI es un aliado del campo.- Carlos Robles"},"content":{"rendered":"\n<p>\u00b7 Conmemoran 89 Aniversario del Reparto Agrario<\/p>\n\n\n\n<p>San Pedro, Coahuila, 6 de octubre del 2025.\u2013 La lucha campesina no ha terminado y la justicia social es una tarea permanente donde el PRI Coahuila, con la Confederaci\u00f3n Nacional Campesina (CNC) y el apoyo del gobierno de Manolo Jim\u00e9nez, continuar\u00e1 promoviendo pol\u00edticas p\u00fablicas en favor del campo y de quienes lo trabajan, expuso en la conmemoraci\u00f3n del reparto agrario el presidente del PRI en Coahuila, Carlos Robles Loustaunau.<\/p>\n\n\n\n<p>En un emotivo evento organizado por la CNC que dirige Jes\u00fas de la Rosa Godoy donde se demostr\u00f3 la fuerza y la unidad del campo coahuilense, se celebr\u00f3 el 89 aniversario del hist\u00f3rico Reparto Agrario en la Comarca Lagunera, decretado en 1936 por el entonces presidente L\u00e1zaro C\u00e1rdenas del R\u00edo, considerado uno de los actos m\u00e1s trascendentales de justicia social en el M\u00e9xico del siglo XX.<\/p>\n\n\n\n<p>El acto, organizado por la Confederaci\u00f3n Nacional Campesina (CNC) y por el<\/p>\n\n\n\n<p>PRI Coahuila, reuni\u00f3 a autoridades estatales, municipales, l\u00edderes ejidales y representantes del sector rural, quienes colocaron una ofrenda floral en honor al general C\u00e1rdenas, al pie de su monumento, como muestra de gratitud y reconocimiento a su legado.<\/p>\n\n\n\n<p>La ceremonia cont\u00f3 con la presencia de importantes figuras pol\u00edticas y del sector agrario como alcaldes de la regi\u00f3n lagunera, comisariados ejidales, l\u00edderes de organizaciones campesinas y representantes de las plantas despepitadoras de la regi\u00f3n.<\/p>\n\n\n\n<p>Manolo es el gobernador del campo<\/p>\n\n\n\n<p>En su intervenci\u00f3n, Carlos Robles Loustaunau, presidente del Comit\u00e9 Directivo Estatal del PRI en Coahuila, afirm\u00f3 que Con su visi\u00f3n y su trabajo, el gobernador Manolo Jim\u00e9nez Salinas demuestra que en Coahuila hay rumbo, hay unidad y hay un gobierno que le responde a su gente.<\/p>\n\n\n\n<p>Destac\u00f3 el papel del partido y de la CNC como pilares del movimiento campesino en M\u00e9xico:<\/p>\n\n\n\n<p>\u201cEl PRI es y seguir\u00e1 siendo un partido de justicia social, que camina al lado del pueblo, que no olvida sus or\u00edgenes y que siempre estar\u00e1 junto a la CNC\u201d, afirm\u00f3.<\/p>\n\n\n\n<p>Reiter\u00f3 el liderazgo del gobernador Manolo Jim\u00e9nez, a quien calific\u00f3 como un aliado del campo, de la seguridad y del desarrollo rural.<\/p>\n\n\n\n<p>\u201cNuestro compromiso no es de palabras, es de trabajo, de gesti\u00f3n y de resultados para la gente del campo\u201d, puntualiz\u00f3 Robles Loustaunau.<\/p>\n\n\n\n<p>Tambi\u00e9n destac\u00f3 la labor de la alcaldesa Brenda G\u00fcereca, a quien agradeci\u00f3 por su cercan\u00eda y compromiso con las familias de San Pedro.<\/p>\n\n\n\n<p>Durante el acto, se rememor\u00f3 el proceso que culmin\u00f3 el 6 de octubre de 1936, cuando el presidente L\u00e1zaro C\u00e1rdenas decret\u00f3 el reparto de m\u00e1s de 18 millones de hect\u00e1reas en la Laguna, sumando posteriormente otras 7 millones. Este hecho hist\u00f3rico no solo transform\u00f3 la estructura de tenencia de la tierra en la regi\u00f3n, sino que sent\u00f3 las bases del ejido moderno y mejor\u00f3 las condiciones de vida de miles de campesinos, acabando con el dominio de las grandes haciendas y la figura del pe\u00f3n acasillado.<\/p>\n","protected":false},"excerpt":{"rendered":"<p>\u00b7 Conmemoran 89 Aniversario del Reparto Agrario San Pedro, Coahuila, 6 de octubre del 2025.\u2013 La lucha campesina no ha terminado y la justicia social es una tarea permanente donde el PRI Coahuila, con la Confederaci\u00f3n Nacional Campesina (CNC) y el apoyo del gobierno de Manolo Jim\u00e9nez, continuar\u00e1 promoviendo pol\u00edticas p\u00fablicas en favor del campo [&hellip;]<\/p>\n","protected":false},"author":1,"featured_media":25865,"comment_status":"open","ping_status":"open","sticky":false,"template":"","format":"standard","meta":{"_monsterinsights_skip_tracking":false,"_monsterinsights_sitenote_active":false,"_monsterinsights_sitenote_note":"","_monsterinsights_sitenote_category":0,"footnotes":""},"categories":[1],"tags":[],"_links":{"self":[{"href":"https:\/\/zonalimitrofe-cbnr.com\/index.php\/wp-json\/wp\/v2\/posts\/25864"}],"collection":[{"href":"https:\/\/zonalimitrofe-cbnr.com\/index.php\/wp-json\/wp\/v2\/posts"}],"about":[{"href":"https:\/\/zonalimitrofe-cbnr.com\/index.php\/wp-json\/wp\/v2\/types\/post"}],"author":[{"embeddable":true,"href":"https:\/\/zonalimitrofe-cbnr.com\/index.php\/wp-json\/wp\/v2\/users\/1"}],"replies":[{"embeddable":true,"href":"https:\/\/zonalimitrofe-cbnr.com\/index.php\/wp-json\/wp\/v2\/comments?post=25864"}],"version-history":[{"count":1,"href":"https:\/\/zonalimitrofe-cbnr.com\/index.php\/wp-json\/wp\/v2\/posts\/25864\/revisions"}],"predecessor-version":[{"id":25866,"href":"https:\/\/zonalimitrofe-cbnr.com\/index.php\/wp-json\/wp\/v2\/posts\/25864\/revisions\/25866"}],"wp:featuredmedia":[{"embeddable":true,"href":"https:\/\/zonalimitrofe-cbnr.com\/index.php\/wp-json\/wp\/v2\/media\/25865"}],"wp:attachment":[{"href":"https:\/\/zonalimitrofe-cbnr.com\/index.php\/wp-json\/wp\/v2\/media?parent=25864"}],"wp:term":[{"taxonomy":"category","embeddable":true,"href":"https:\/\/zonalimitrofe-cbnr.com\/index.php\/wp-json\/wp\/v2\/categories?post=25864"},{"taxonomy":"post_tag","embeddable":true,"href":"https:\/\/zonalimitrofe-cbnr.com\/index.php\/wp-json\/wp\/v2\/tags?post=25864"}],"curies":[{"name":"wp","href":"https:\/\/api.w.org\/{rel}","templated":true}]}}