{"id":2585,"date":"2024-03-07T11:29:35","date_gmt":"2024-03-07T17:29:35","guid":{"rendered":"https:\/\/zonalimitrofe-cbnr.com\/?p=2585"},"modified":"2024-03-07T11:29:35","modified_gmt":"2024-03-07T17:29:35","slug":"clubsantos-intento-disfrutar-cada-partido-al-maximo-emmanuel-echeverria","status":"publish","type":"post","link":"https:\/\/zonalimitrofe-cbnr.com\/index.php\/2024\/03\/07\/clubsantos-intento-disfrutar-cada-partido-al-maximo-emmanuel-echeverria\/","title":{"rendered":"#ClubSantos. \u201cINTENTO DISFRUTAR CADA PARTIDO AL M\u00c1XIMO\u201d: EMMANUEL ECHEVERR\u00cdA"},"content":{"rendered":"\n<p>\u00b7 El defensor Emmanuel Echeverr\u00eda, de 20 a\u00f1os y nacido en La Piedad, Michoac\u00e1n, inici\u00f3 su proceso en la Cantera Guerrera en el a\u00f1o 2018 con la categor\u00eda Sub 15.<\/p>\n\n\n\n<p>\u00b7 El lateral albiverde hizo su debut en la Liga MX en la jornada 10 del Torneo Apertura 2023.<\/p>\n\n\n\n<p>Torre\u00f3n, Coahuila, a 6 de Marzo de 2024.- Desde la llegada de Ignacio Ambriz al frente de Santos Laguna, el defensor Emmanuel Echeverr\u00eda ha sido constante en el once titular albiverde. El Canterano Guerrero, quien suma tres titularidades consecutivas, habl\u00f3 sobre la confianza recibida de parte del Cuerpo T\u00e9cnico lagunero:<\/p>\n\n\n\n<p>\u201cLa verdad es que estoy muy contento, porque el Profesor Ignacio Ambriz me est\u00e1 dando la confianza. Intento disfrutar al m\u00e1ximo cada partido, intento dejar todo, dar lo mejor de m\u00ed y disfrutar\u201d.<\/p>\n\n\n\n<p>Presencia de Canteranos Guerreros<\/p>\n\n\n\n<p>\u201cMe siento muy contento, porque siento que as\u00ed poco a poco nos van a dar m\u00e1s oportunidades como Canteranos Guerreros. Tenemos que demostrar nuestra capacidad en los entrenamientos y en los partidos\u201d.<\/p>\n\n\n\n<p>Debut en Liga MX<\/p>\n\n\n\n<p>\u201cMuy contento m\u00e1s que nada, porque sent\u00ed que todo el trabajo y todo el esfuerzo dio sus frutos. Fue espectacular debutar en Primera Divisi\u00f3n, la verdad fue muy padre\u201d.<\/p>\n\n\n\n<p>Partido frente a Cruz Azul<\/p>\n\n\n\n<p>\u201cSiento que va a ser un partido muy intento y de mucho roce. Siento que el que d\u00e9 el m\u00e1ximo en la cancha es el que se va a quedar con los tres puntos\u201d.<\/p>\n","protected":false},"excerpt":{"rendered":"<p>\u00b7 El defensor Emmanuel Echeverr\u00eda, de 20 a\u00f1os y nacido en La Piedad, Michoac\u00e1n, inici\u00f3 su proceso en la Cantera Guerrera en el a\u00f1o 2018 con la categor\u00eda Sub 15. \u00b7 El lateral albiverde hizo su debut en la Liga MX en la jornada 10 del Torneo Apertura 2023. Torre\u00f3n, Coahuila, a 6 de Marzo [&hellip;]<\/p>\n","protected":false},"author":1,"featured_media":2586,"comment_status":"open","ping_status":"open","sticky":false,"template":"","format":"standard","meta":{"_monsterinsights_skip_tracking":false,"_monsterinsights_sitenote_active":false,"_monsterinsights_sitenote_note":"","_monsterinsights_sitenote_category":0,"footnotes":""},"categories":[1],"tags":[],"_links":{"self":[{"href":"https:\/\/zonalimitrofe-cbnr.com\/index.php\/wp-json\/wp\/v2\/posts\/2585"}],"collection":[{"href":"https:\/\/zonalimitrofe-cbnr.com\/index.php\/wp-json\/wp\/v2\/posts"}],"about":[{"href":"https:\/\/zonalimitrofe-cbnr.com\/index.php\/wp-json\/wp\/v2\/types\/post"}],"author":[{"embeddable":true,"href":"https:\/\/zonalimitrofe-cbnr.com\/index.php\/wp-json\/wp\/v2\/users\/1"}],"replies":[{"embeddable":true,"href":"https:\/\/zonalimitrofe-cbnr.com\/index.php\/wp-json\/wp\/v2\/comments?post=2585"}],"version-history":[{"count":1,"href":"https:\/\/zonalimitrofe-cbnr.com\/index.php\/wp-json\/wp\/v2\/posts\/2585\/revisions"}],"predecessor-version":[{"id":2587,"href":"https:\/\/zonalimitrofe-cbnr.com\/index.php\/wp-json\/wp\/v2\/posts\/2585\/revisions\/2587"}],"wp:featuredmedia":[{"embeddable":true,"href":"https:\/\/zonalimitrofe-cbnr.com\/index.php\/wp-json\/wp\/v2\/media\/2586"}],"wp:attachment":[{"href":"https:\/\/zonalimitrofe-cbnr.com\/index.php\/wp-json\/wp\/v2\/media?parent=2585"}],"wp:term":[{"taxonomy":"category","embeddable":true,"href":"https:\/\/zonalimitrofe-cbnr.com\/index.php\/wp-json\/wp\/v2\/categories?post=2585"},{"taxonomy":"post_tag","embeddable":true,"href":"https:\/\/zonalimitrofe-cbnr.com\/index.php\/wp-json\/wp\/v2\/tags?post=2585"}],"curies":[{"name":"wp","href":"https:\/\/api.w.org\/{rel}","templated":true}]}}