{"id":25740,"date":"2025-10-01T20:14:48","date_gmt":"2025-10-02T02:14:48","guid":{"rendered":"https:\/\/zonalimitrofe-cbnr.com\/?p=25740"},"modified":"2025-10-01T20:14:49","modified_gmt":"2025-10-02T02:14:49","slug":"durango-contara-con-nueva-ruta-aerea-a-guadalajara-para-fortalecer-turismo-y-negocios","status":"publish","type":"post","link":"https:\/\/zonalimitrofe-cbnr.com\/index.php\/2025\/10\/01\/durango-contara-con-nueva-ruta-aerea-a-guadalajara-para-fortalecer-turismo-y-negocios\/","title":{"rendered":"#Durango contar\u00e1 con nueva ruta a\u00e9rea a Guadalajara para fortalecer turismo y negocios*"},"content":{"rendered":"\n<ul>\n<li><em>Con Volaris, se abre una conexi\u00f3n estrat\u00e9gica que facilitar\u00e1 mayor flujo comercial y tur\u00edstico.<\/em><\/li>\n\n\n\n<li><em>Los vuelos inician el 3 de noviembre, con salidas lunes, mi\u00e9rcoles y viernes a precios accesibles.<\/em><\/li>\n<\/ul>\n\n\n\n<p>Durango contar\u00e1 con una nueva ruta a\u00e9rea que conectar\u00e1 con Guadalajara y facilitar\u00e1 un mayor flujo comercial y tur\u00edstico. Gracias a las conexiones de Volaris en M\u00e9xico y el extranjero, junto con los proyectos de inversi\u00f3n impulsados por el gobernador Esteban Villegas Villarreal, esta ruta contribuir\u00e1 a fortalecer el crecimiento econ\u00f3mico y el desarrollo integral del estado.<\/p>\n\n\n\n<p>As\u00ed lo reafirmaron la secretaria de Turismo, Elisa Haro Ruiz, y la gerente de Desarrollo de Mercados de Volaris, Nancy Galaviz, quienes destacaron que despu\u00e9s de un gran trabajo en conjunto se logra la apertura de esta nueva conexi\u00f3n a\u00e9rea.<\/p>\n\n\n\n<p>Los vuelos inician el lunes 3 de noviembre, con salidas los lunes, mi\u00e9rcoles y viernes: de Durango a Guadalajara a las 7:00 a.m., y de Guadalajara a Durango a las 5:00 p.m., con precios accesibles para que los duranguenses y visitantes puedan agilizar sus viajes de estudios, negocios y descanso.<\/p>\n\n\n\n<p>Haro Ruiz reconoci\u00f3 la labor de Volaris para abrir este destino con Guadalajara: \u201cA nombre del Gobernador, agradezco a la aerol\u00ednea por seguir confiando en Durango y apostarle al desarrollo tur\u00edstico y econ\u00f3mico del estado; es una aerol\u00ednea confiable\u201d, expres\u00f3.<\/p>\n\n\n\n<p>Por su parte, Nancy Galaviz habl\u00f3 sobre esta gran opci\u00f3n, ya que la aerol\u00ednea cuenta con vuelos a 23 ciudades, incluyendo destinos internacionales como Estados Unidos y Centroam\u00e9rica, lo que permitir\u00e1 atraer un mayor mercado de negocios y seguir proyectando a Durango. Adem\u00e1s, afirm\u00f3 que pr\u00f3ximamente se espera ampliar vuelos y conexiones en la entidad.<\/p>\n\n\n\n<p>Valeria Guti\u00e9rrez Velasco, directora de Fomento Econ\u00f3mico y Turismo del municipio de Durango, se sum\u00f3 a los esfuerzos de promoci\u00f3n en unidad con Elisa Haro para seguir posicionando a la entidad como un destino tur\u00edstico y de inversiones.<\/p>\n\n\n\n<p>En este sentido, Luis Gildardo Gardu\u00f1o Monta\u00f1o, gerente administrativo del Aeropuerto Internacional de Durango, reiter\u00f3 los grandes beneficios de este nuevo vuelo, al favorecer un mayor flujo de visitantes y abrir la puerta a m\u00e1s destinos y mayor conectividad.<\/p>\n","protected":false},"excerpt":{"rendered":"<p>Durango contar\u00e1 con una nueva ruta a\u00e9rea que conectar\u00e1 con Guadalajara y facilitar\u00e1 un mayor flujo comercial y tur\u00edstico. Gracias a las conexiones de Volaris en M\u00e9xico y el extranjero, junto con los proyectos de inversi\u00f3n impulsados por el gobernador Esteban Villegas Villarreal, esta ruta contribuir\u00e1 a fortalecer el crecimiento econ\u00f3mico y el desarrollo integral [&hellip;]<\/p>\n","protected":false},"author":1,"featured_media":25741,"comment_status":"open","ping_status":"open","sticky":false,"template":"","format":"standard","meta":{"_monsterinsights_skip_tracking":false,"_monsterinsights_sitenote_active":false,"_monsterinsights_sitenote_note":"","_monsterinsights_sitenote_category":0,"footnotes":""},"categories":[1],"tags":[],"_links":{"self":[{"href":"https:\/\/zonalimitrofe-cbnr.com\/index.php\/wp-json\/wp\/v2\/posts\/25740"}],"collection":[{"href":"https:\/\/zonalimitrofe-cbnr.com\/index.php\/wp-json\/wp\/v2\/posts"}],"about":[{"href":"https:\/\/zonalimitrofe-cbnr.com\/index.php\/wp-json\/wp\/v2\/types\/post"}],"author":[{"embeddable":true,"href":"https:\/\/zonalimitrofe-cbnr.com\/index.php\/wp-json\/wp\/v2\/users\/1"}],"replies":[{"embeddable":true,"href":"https:\/\/zonalimitrofe-cbnr.com\/index.php\/wp-json\/wp\/v2\/comments?post=25740"}],"version-history":[{"count":1,"href":"https:\/\/zonalimitrofe-cbnr.com\/index.php\/wp-json\/wp\/v2\/posts\/25740\/revisions"}],"predecessor-version":[{"id":25742,"href":"https:\/\/zonalimitrofe-cbnr.com\/index.php\/wp-json\/wp\/v2\/posts\/25740\/revisions\/25742"}],"wp:featuredmedia":[{"embeddable":true,"href":"https:\/\/zonalimitrofe-cbnr.com\/index.php\/wp-json\/wp\/v2\/media\/25741"}],"wp:attachment":[{"href":"https:\/\/zonalimitrofe-cbnr.com\/index.php\/wp-json\/wp\/v2\/media?parent=25740"}],"wp:term":[{"taxonomy":"category","embeddable":true,"href":"https:\/\/zonalimitrofe-cbnr.com\/index.php\/wp-json\/wp\/v2\/categories?post=25740"},{"taxonomy":"post_tag","embeddable":true,"href":"https:\/\/zonalimitrofe-cbnr.com\/index.php\/wp-json\/wp\/v2\/tags?post=25740"}],"curies":[{"name":"wp","href":"https:\/\/api.w.org\/{rel}","templated":true}]}}