{"id":25731,"date":"2025-10-01T20:01:14","date_gmt":"2025-10-02T02:01:14","guid":{"rendered":"https:\/\/zonalimitrofe-cbnr.com\/?p=25731"},"modified":"2025-10-01T20:01:14","modified_gmt":"2025-10-02T02:01:14","slug":"uadec-entrega-rector-de-la-uadec-equipos-de-computo-y-aires-acondicionados-a-la-escuela-de-sistemas-ul","status":"publish","type":"post","link":"https:\/\/zonalimitrofe-cbnr.com\/index.php\/2025\/10\/01\/uadec-entrega-rector-de-la-uadec-equipos-de-computo-y-aires-acondicionados-a-la-escuela-de-sistemas-ul\/","title":{"rendered":"#UAdeC. Entrega Rector de la UAdeC Equipos de C\u00f3mputo y Aires Acondicionados a la Escuela de Sistemas UL"},"content":{"rendered":"\n<p>TORRE\u00d3N, Coahuila. 1 de octubre de 2025. El rector de la Universidad Aut\u00f3noma de Coahuila, Octavio Pimentel Mart\u00ednez, entreg\u00f3 25 equipos de c\u00f3mputo y 25 aires acondicionados a la comunidad universitaria de la Escuela de Sistemas de Unidad Laguna e inaugur\u00f3 la cafeter\u00eda del plantel.<\/p>\n\n\n\n<p>En la ceremonia se cont\u00f3 con la presencia de la coordinadora de Unidad Laguna, Sandra L\u00f3pez Chavarr\u00eda, el director de Planeaci\u00f3n, Jes\u00fas Alberto Montalvo Morales, la coordinadora de Administraci\u00f3n Patrimonial, Paulette Sece\u00f1as V\u00e1zquez, la directora de la Escuela de Sistemas, Ana Carolina Mel\u00e9ndez Gurrola, docentes y estudiantes.<\/p>\n\n\n\n<p>En su mensaje el rector Octavio Pimentel, se\u00f1al\u00f3 que cuando una instituci\u00f3n sigue avanzando es porque cuenta con un gran equipo de trabajo con el cual se ha trazado la tarea de hacer proyectos y de defenderlos en la ciudad de M\u00e9xico para recibir los recursos que se necesitan.<\/p>\n\n\n\n<p>Agreg\u00f3 que, desde hace 15 a\u00f1os no se entregaban computadoras ni aires acondicionados y para lograr este equipamiento la UAdeC tuvo que someterse a una revisi\u00f3n constante de indicadores, y mediante el apoyo de los docentes, del personal manual y administrativo se ha dado cumplimiento a ellos, que se traducen en logros que la Universidad merece.<\/p>\n\n\n\n<p>Por su parte, el director de Planeaci\u00f3n, Jes\u00fas Alberto Montalvo, se\u00f1al\u00f3 que en el rubro de equipamiento en la Escuela de Sistemas se invirti\u00f3 un mill\u00f3n 81 mil 758 pesos, que en 25 computadoras que tienen un procesador Intel Core i7, con una memoria de 512 GB y pantallas led de 23.8 pulgadas, en cuanto a los aires acondicionados tipo minisplit, se cont\u00f3 con una inversi\u00f3n de 395 mil pesos y estos equipos tendr\u00e1n la cobertura de 64 metros cuadrados en cada una de las aulas convencionales.<\/p>\n\n\n\n<p>Mientras que la coordinadora de Administraci\u00f3n Patrimonial, Paulette Sece\u00f1as V\u00e1zquez, dio a conocer que a trav\u00e9s del Fondo de Aportaciones M\u00faltiples y con una inversi\u00f3n de 443 mil pesos, se realizaron los trabajos de construcci\u00f3n de la cafeter\u00eda, que consistieron en pintura, colocaci\u00f3n de ventanas y la puerta de acceso, as\u00ed como la instalaci\u00f3n el\u00e9ctrica, seis l\u00e1mparas colgantes, piso nuevo, la barra para el \u00e1rea de caja y una para comensales, \u00e1rea de cocina, instalaci\u00f3n de gas, una trampa de grasas y tarja, acciones que beneficiar\u00e1n a 4 mil alumnos de este plantel.<\/p>\n\n\n\n<p>La alumna Aneth Alan\u00eds, agradeci\u00f3 al rector Octavio Pimentel por escuchar las necesidades de los alumnos, y por su apoyo al autorizar la entrega de este equipamiento, que ser\u00e1 instalado en las aulas para mejorar las condiciones de estudio, as\u00ed como por su respaldo en la renovaci\u00f3n del aula activa y la apertura de una cafeter\u00eda, lo que contribuir\u00e1 de manera significativa a la formaci\u00f3n acad\u00e9mica y a la convivencia dentro de la instituci\u00f3n.<\/p>\n","protected":false},"excerpt":{"rendered":"<p>TORRE\u00d3N, Coahuila. 1 de octubre de 2025. El rector de la Universidad Aut\u00f3noma de Coahuila, Octavio Pimentel Mart\u00ednez, entreg\u00f3 25 equipos de c\u00f3mputo y 25 aires acondicionados a la comunidad universitaria de la Escuela de Sistemas de Unidad Laguna e inaugur\u00f3 la cafeter\u00eda del plantel. En la ceremonia se cont\u00f3 con la presencia de la [&hellip;]<\/p>\n","protected":false},"author":1,"featured_media":25732,"comment_status":"open","ping_status":"open","sticky":false,"template":"","format":"standard","meta":{"_monsterinsights_skip_tracking":false,"_monsterinsights_sitenote_active":false,"_monsterinsights_sitenote_note":"","_monsterinsights_sitenote_category":0,"footnotes":""},"categories":[1],"tags":[],"_links":{"self":[{"href":"https:\/\/zonalimitrofe-cbnr.com\/index.php\/wp-json\/wp\/v2\/posts\/25731"}],"collection":[{"href":"https:\/\/zonalimitrofe-cbnr.com\/index.php\/wp-json\/wp\/v2\/posts"}],"about":[{"href":"https:\/\/zonalimitrofe-cbnr.com\/index.php\/wp-json\/wp\/v2\/types\/post"}],"author":[{"embeddable":true,"href":"https:\/\/zonalimitrofe-cbnr.com\/index.php\/wp-json\/wp\/v2\/users\/1"}],"replies":[{"embeddable":true,"href":"https:\/\/zonalimitrofe-cbnr.com\/index.php\/wp-json\/wp\/v2\/comments?post=25731"}],"version-history":[{"count":1,"href":"https:\/\/zonalimitrofe-cbnr.com\/index.php\/wp-json\/wp\/v2\/posts\/25731\/revisions"}],"predecessor-version":[{"id":25733,"href":"https:\/\/zonalimitrofe-cbnr.com\/index.php\/wp-json\/wp\/v2\/posts\/25731\/revisions\/25733"}],"wp:featuredmedia":[{"embeddable":true,"href":"https:\/\/zonalimitrofe-cbnr.com\/index.php\/wp-json\/wp\/v2\/media\/25732"}],"wp:attachment":[{"href":"https:\/\/zonalimitrofe-cbnr.com\/index.php\/wp-json\/wp\/v2\/media?parent=25731"}],"wp:term":[{"taxonomy":"category","embeddable":true,"href":"https:\/\/zonalimitrofe-cbnr.com\/index.php\/wp-json\/wp\/v2\/categories?post=25731"},{"taxonomy":"post_tag","embeddable":true,"href":"https:\/\/zonalimitrofe-cbnr.com\/index.php\/wp-json\/wp\/v2\/tags?post=25731"}],"curies":[{"name":"wp","href":"https:\/\/api.w.org\/{rel}","templated":true}]}}