{"id":25719,"date":"2025-09-30T19:48:37","date_gmt":"2025-10-01T01:48:37","guid":{"rendered":"https:\/\/zonalimitrofe-cbnr.com\/?p=25719"},"modified":"2025-09-30T19:48:37","modified_gmt":"2025-10-01T01:48:37","slug":"gp-concluye-la-administracion-de-betzabe-martinez-la-conmemoracion-de-fiestas-patrias","status":"publish","type":"post","link":"https:\/\/zonalimitrofe-cbnr.com\/index.php\/2025\/09\/30\/gp-concluye-la-administracion-de-betzabe-martinez-la-conmemoracion-de-fiestas-patrias\/","title":{"rendered":"#GP. Concluye la Administraci\u00f3n de Betzab\u00e9 Mart\u00ednez la conmemoraci\u00f3n de fiestas patrias"},"content":{"rendered":"\n<p><br>*Con el 260 aniversario del natalicio de Jos\u00e9 Mar\u00eda Morelos, cierra el calendario c\u00edvico de septiembre en G\u00f3mez<br>Palacio<br>Con la conmemoraci\u00f3n del natalicio de Don Jos\u00e9 Mar\u00eda Morelos y Pav\u00f3n, el Ayuntamiento de G\u00f3mez Palacio<br>culmin\u00f3 la celebraci\u00f3n de las fechas c\u00edvicas correspondientes a septiembre, tambi\u00e9n llamado el mes patrio.<br>La estatua erigida en honor del Siervo de la Naci\u00f3n, que se localiza en el Parque que tambi\u00e9n lleva su nombre,<br>fue el sitio donde la Junta C\u00edvica Municipal e integrantes del Ayuntamiento se hicieron presentes para rendir<br>honores al h\u00e9roe que, junto a Don Miguel Hidalgo, encabez\u00f3 la Guerra de Independencia.<br>Como es tradici\u00f3n, el programa c\u00edvico cont\u00f3 con la entusiasta participaci\u00f3n de ni\u00f1os y adolescentes de los<br>planteles educativos\u2026, que con coros y declamaciones rindieron tributo a quien hace 260 a\u00f1os viera la luz en<br>Valladolid, Michoac\u00e1n, hoy Morelia precisamente en su honor.<br>Como se inform\u00f3 en su oportunidad, la Administraci\u00f3n Municipal que encabeza la alcaldesa Betzab\u00e9 Mart\u00ednez<br>Arango, elabor\u00f3 un programa c\u00edvico completo de acuerdo con el calendario de fiestas patrias, mismos que se<br>cumpli\u00f3 a cabalidad con la conmemoraci\u00f3n del D\u00eda de los Ni\u00f1os H\u00e9roes, el 13 de septiembre, en el que destac\u00f3<br>la participaci\u00f3n de elementos del Ej\u00e9rcito Mexicano, Guardia Nacional y Mando Especial Laguna.<br>Tambi\u00e9n se llev\u00f3 a cabo la celebraci\u00f3n de la tradicional Ceremonia de El Grito de Independencia, en la<br>Presidencia Municipal con la verbena incluida en el Paseo Independencia, un exitoso espect\u00e1culo de drones y<br>pirotecnia, m\u00fasica a cargo de El Flaco y, sobre todo, con la singularidad de que en esta ocasi\u00f3n las autoridades<br>no efectuaron un brindis privado al interior de la Presidencia, sino que la alcaldesa Betzab\u00e9 Mart\u00ednez Arango<br>convivi\u00f3 con el pueblo en la Plaza de Armas.<br>Ya el 16 de septiembre, D\u00eda de la Independencia se cumpli\u00f3 con los honores a la bandera y guardia de honor<br>ante la estatua de Don Miguel Hidalgo y enseguida se procedi\u00f3 a celebrar un desfile c\u00edvico que cont\u00f3 con un<br>importante contingente de las Fuerzas Armadas del pa\u00eds, acompa\u00f1ado de instituciones educativas,<br>dependencias y corporaciones, que mandaron en conjunto un mensaje de uni\u00f3n y seguridad prevaleciente en<br>G\u00f3mez Palacio.<\/p>\n","protected":false},"excerpt":{"rendered":"<p>*Con el 260 aniversario del natalicio de Jos\u00e9 Mar\u00eda Morelos, cierra el calendario c\u00edvico de septiembre en G\u00f3mezPalacioCon la conmemoraci\u00f3n del natalicio de Don Jos\u00e9 Mar\u00eda Morelos y Pav\u00f3n, el Ayuntamiento de G\u00f3mez Palacioculmin\u00f3 la celebraci\u00f3n de las fechas c\u00edvicas correspondientes a septiembre, tambi\u00e9n llamado el mes patrio.La estatua erigida en honor del Siervo de [&hellip;]<\/p>\n","protected":false},"author":1,"featured_media":25720,"comment_status":"open","ping_status":"open","sticky":false,"template":"","format":"standard","meta":{"_monsterinsights_skip_tracking":false,"_monsterinsights_sitenote_active":false,"_monsterinsights_sitenote_note":"","_monsterinsights_sitenote_category":0,"footnotes":""},"categories":[1],"tags":[],"_links":{"self":[{"href":"https:\/\/zonalimitrofe-cbnr.com\/index.php\/wp-json\/wp\/v2\/posts\/25719"}],"collection":[{"href":"https:\/\/zonalimitrofe-cbnr.com\/index.php\/wp-json\/wp\/v2\/posts"}],"about":[{"href":"https:\/\/zonalimitrofe-cbnr.com\/index.php\/wp-json\/wp\/v2\/types\/post"}],"author":[{"embeddable":true,"href":"https:\/\/zonalimitrofe-cbnr.com\/index.php\/wp-json\/wp\/v2\/users\/1"}],"replies":[{"embeddable":true,"href":"https:\/\/zonalimitrofe-cbnr.com\/index.php\/wp-json\/wp\/v2\/comments?post=25719"}],"version-history":[{"count":1,"href":"https:\/\/zonalimitrofe-cbnr.com\/index.php\/wp-json\/wp\/v2\/posts\/25719\/revisions"}],"predecessor-version":[{"id":25721,"href":"https:\/\/zonalimitrofe-cbnr.com\/index.php\/wp-json\/wp\/v2\/posts\/25719\/revisions\/25721"}],"wp:featuredmedia":[{"embeddable":true,"href":"https:\/\/zonalimitrofe-cbnr.com\/index.php\/wp-json\/wp\/v2\/media\/25720"}],"wp:attachment":[{"href":"https:\/\/zonalimitrofe-cbnr.com\/index.php\/wp-json\/wp\/v2\/media?parent=25719"}],"wp:term":[{"taxonomy":"category","embeddable":true,"href":"https:\/\/zonalimitrofe-cbnr.com\/index.php\/wp-json\/wp\/v2\/categories?post=25719"},{"taxonomy":"post_tag","embeddable":true,"href":"https:\/\/zonalimitrofe-cbnr.com\/index.php\/wp-json\/wp\/v2\/tags?post=25719"}],"curies":[{"name":"wp","href":"https:\/\/api.w.org\/{rel}","templated":true}]}}