{"id":25716,"date":"2025-09-30T19:37:18","date_gmt":"2025-10-01T01:37:18","guid":{"rendered":"https:\/\/zonalimitrofe-cbnr.com\/?p=25716"},"modified":"2025-09-30T19:37:19","modified_gmt":"2025-10-01T01:37:19","slug":"torreon-con-una-gran-fiesta-de-identidad-torreon-celebrara-el-segundo-festival-del-pan-frances","status":"publish","type":"post","link":"https:\/\/zonalimitrofe-cbnr.com\/index.php\/2025\/09\/30\/torreon-con-una-gran-fiesta-de-identidad-torreon-celebrara-el-segundo-festival-del-pan-frances\/","title":{"rendered":"#Torre\u00f3n. Con una gran fiesta de identidad, Torre\u00f3n celebrar\u00e1 el segundo Festival del Pan Franc\u00e9s"},"content":{"rendered":"\n<p><strong>Torre\u00f3n, Coahuila a 30 de septiembre del 2025.<\/strong>&#8211; Esta ma\u00f1ana fue anunciada en rueda de prensa la segunda edici\u00f3n del Festival del Pan Franc\u00e9s, que se llevar\u00e1 a cabo el pr\u00f3ximo 16 de octubre, evento que realiza la Administraci\u00f3n Municipal del alcalde Rom\u00e1n Alberto Cepeda Gonz\u00e1lez, a trav\u00e9s de la Direcci\u00f3n General de Turismo, y en coordinaci\u00f3n con la C\u00e1mara Nacional de la Industria Panificadora, Pasteler\u00edas y Similares (CANAINPA). Lo anterior tras la declaratoria del pan franc\u00e9s como patrimonio tur\u00edstico, gastron\u00f3mico y cultural de Torre\u00f3n. \u201cEsto consolida el festival como un evento de identidad, promoci\u00f3n cultural y desarrollo econ\u00f3mico local. La segunda edici\u00f3n busca posicionarlo como un legado vivo que honra nuestras tradiciones culinarias, promueve el turismo y proyecta nuestra cultura a nivel regional y nacional\u201d, mencion\u00f3 el director de Turismo Municipal, Guillermo Mart\u00ednez \u00c1vila. Tambi\u00e9n inform\u00f3 que el programa del festival estar\u00e1 conformado de la siguiente manera: Jueves 16 de octubre a partir de las 18:00 horas, se realizar\u00e1 el desfile de camionetas repartidoras de pan desde la Alameda Zaragoza a la calle Jim\u00e9nez, por la avenida Matamoros. Asimismo, se llevar\u00e1 a cabo la venta de lonches de diferentes estilos, sabores y combinaciones con los mejores loncheros del municipio, en el Corredor Matamoros (calle Jim\u00e9nez hasta la Galeana). A las 20:00 horas iniciar\u00e1 la gran verbena popular con el grupo musical \u201cMi Barrio Colombiano\u201d, en la explanada de la Plaza Mayor. Por su parte, el presidente de CANAINPA, Pedro \u00c1vila Aguilera, agradeci\u00f3 al alcalde Rom\u00e1n Alberto Cepeda por su apoyo para la realizaci\u00f3n del festival. Dijo que este tipo de colaboraci\u00f3n permite que la C\u00e1mara y sus agremiados puedan obsequiar todo el pan franc\u00e9s a los loncheros para que su venta sea mayor y por ende, tambi\u00e9n sus ganancias.<\/p>\n\n\n\n<p>Adem\u00e1s, mencion\u00f3 que obsequiar\u00e1n pan franc\u00e9s y cupones de pan, tambi\u00e9n rifar\u00e1n bicicletas para consentir a los m\u00e1s peque\u00f1os de las familias asistentes.<\/p>\n\n\n\n<p>Cabe se\u00f1alar que con este tipo de actividades, adem\u00e1s de consolidar el evento de legado, se fortalece la promoci\u00f3n tur\u00edstica y gastron\u00f3mica de Torre\u00f3n, se activa la econom\u00eda local mediante el consumo de productos locales y otros sectores, se activan los espacios p\u00fablicos con una visi\u00f3n cultural y familiar, y se proyecta el talento local del municipio.<\/p>\n\n\n\n<p>Francisco Mart\u00ednez Lombas, presidente de OCV Torre\u00f3n, destac\u00f3 que eventos de este tipo, posicionan al municipio y a sus productos tur\u00edsticos en los ojos del pa\u00eds y es necesario seguir apoy\u00e1ndolos.<\/p>\n","protected":false},"excerpt":{"rendered":"<p>Torre\u00f3n, Coahuila a 30 de septiembre del 2025.&#8211; Esta ma\u00f1ana fue anunciada en rueda de prensa la segunda edici\u00f3n del Festival del Pan Franc\u00e9s, que se llevar\u00e1 a cabo el pr\u00f3ximo 16 de octubre, evento que realiza la Administraci\u00f3n Municipal del alcalde Rom\u00e1n Alberto Cepeda Gonz\u00e1lez, a trav\u00e9s de la Direcci\u00f3n General de Turismo, y [&hellip;]<\/p>\n","protected":false},"author":1,"featured_media":25717,"comment_status":"open","ping_status":"open","sticky":false,"template":"","format":"standard","meta":{"_monsterinsights_skip_tracking":false,"_monsterinsights_sitenote_active":false,"_monsterinsights_sitenote_note":"","_monsterinsights_sitenote_category":0,"footnotes":""},"categories":[1],"tags":[],"_links":{"self":[{"href":"https:\/\/zonalimitrofe-cbnr.com\/index.php\/wp-json\/wp\/v2\/posts\/25716"}],"collection":[{"href":"https:\/\/zonalimitrofe-cbnr.com\/index.php\/wp-json\/wp\/v2\/posts"}],"about":[{"href":"https:\/\/zonalimitrofe-cbnr.com\/index.php\/wp-json\/wp\/v2\/types\/post"}],"author":[{"embeddable":true,"href":"https:\/\/zonalimitrofe-cbnr.com\/index.php\/wp-json\/wp\/v2\/users\/1"}],"replies":[{"embeddable":true,"href":"https:\/\/zonalimitrofe-cbnr.com\/index.php\/wp-json\/wp\/v2\/comments?post=25716"}],"version-history":[{"count":1,"href":"https:\/\/zonalimitrofe-cbnr.com\/index.php\/wp-json\/wp\/v2\/posts\/25716\/revisions"}],"predecessor-version":[{"id":25718,"href":"https:\/\/zonalimitrofe-cbnr.com\/index.php\/wp-json\/wp\/v2\/posts\/25716\/revisions\/25718"}],"wp:featuredmedia":[{"embeddable":true,"href":"https:\/\/zonalimitrofe-cbnr.com\/index.php\/wp-json\/wp\/v2\/media\/25717"}],"wp:attachment":[{"href":"https:\/\/zonalimitrofe-cbnr.com\/index.php\/wp-json\/wp\/v2\/media?parent=25716"}],"wp:term":[{"taxonomy":"category","embeddable":true,"href":"https:\/\/zonalimitrofe-cbnr.com\/index.php\/wp-json\/wp\/v2\/categories?post=25716"},{"taxonomy":"post_tag","embeddable":true,"href":"https:\/\/zonalimitrofe-cbnr.com\/index.php\/wp-json\/wp\/v2\/tags?post=25716"}],"curies":[{"name":"wp","href":"https:\/\/api.w.org\/{rel}","templated":true}]}}