{"id":25710,"date":"2025-09-30T19:24:17","date_gmt":"2025-10-01T01:24:17","guid":{"rendered":"https:\/\/zonalimitrofe-cbnr.com\/?p=25710"},"modified":"2025-09-30T19:24:18","modified_gmt":"2025-10-01T01:24:18","slug":"gp-gomez-palacio-recibe-alcaldesas-y-presidentes-para-las-jornadas-de-capacitacion-sobre-el-fais-2025","status":"publish","type":"post","link":"https:\/\/zonalimitrofe-cbnr.com\/index.php\/2025\/09\/30\/gp-gomez-palacio-recibe-alcaldesas-y-presidentes-para-las-jornadas-de-capacitacion-sobre-el-fais-2025\/","title":{"rendered":"#GP. G\u00f3mez Palacio recibe alcaldesas y presidentes para las Jornadas de Capacitaci\u00f3n sobre el FAIS 2025"},"content":{"rendered":"\n<p><br>*La presidenta Betzab\u00e9 Mart\u00ednez resalta importancia de impulsar proyectos prioritarios para atenci\u00f3n de la marginaci\u00f3n social y<br>pobreza<br>Por primera vez, G\u00f3mez Palacio fue sede de las Jornadas de Capacitaci\u00f3n del Fondo de Aportaciones para la Infraestructura<br>Social (FAIS) 2025, evento en el que se present\u00f3 la operaci\u00f3n del programa a representantes de los 39 ayuntamientos del estado<br>de Durango, quienes reci\u00e9n inician su gesti\u00f3n y tendr\u00e1n la responsabilidad de ejercer las dos \u00faltimas partidas presupuestales del<br>presente a\u00f1o. A este evento acudieron de manera personal 14 presidentes y presidentas municipales: de Nuevo Ideal, El Oro,<br>Ocampo, Nazas, San Luis del Cordero, San Dimas, P\u00e1nuco de Coronado, Lerdo, Sim\u00f3n Bol\u00edvar, Guadalupe Victoria, Canelas,<br>Cuencam\u00e9, Mapim\u00ed y, como anfitriona fungi\u00f3 la alcaldesa de G\u00f3mez Palacio, Betzab\u00e9 Mart\u00ednez Arango.<br>Es importante resultar que para el ejercicio 2025, el Gobierno Federal destin\u00f3 un monto total de 1,300 millones de pesos a todo<br>el estado.<br>La Presidenta Municipal, Betzab\u00e9 Mart\u00ednez Arango, dio la bienvenida a las y los alcaldes, as\u00ed como a representantes de los<br>gobiernos Federal y Estatal, quienes participaron en esta capacitaci\u00f3n, que por primera vez se realiza fuera de la capital del<br>estado.<br>Jos\u00e9 Antonio Aguilar Castillejos, Director General de Desarrollo de la Secretar\u00eda de Atenci\u00f3n de Bienestar Federal, destac\u00f3 la<br>importancia del FAIS, al tratarse de un fondo destinado a obras prioritarias en materia de infraestructura social, enfocado en<br>beneficiar a las comunidades con mayores niveles de pobreza y marginaci\u00f3n.<br>Betzab\u00e9 Mart\u00ednez Arango se\u00f1al\u00f3 que el FAIS representa una oportunidad fundamental para impulsar proyectos prioritarios tanto<br>en la zona urbana como en la zona rural de G\u00f3mez Palacio, reiterando que su administraci\u00f3n trabaja con determinaci\u00f3n para<br>llevar desarrollo y mejorar la calidad de vida de todas y todos los Gomezpalatinos.<br>Asimismo, reafirm\u00f3 que su gobierno mantiene una comunicaci\u00f3n constante con los tres \u00f3rdenes de gobierno, trabajando de<br>manera coordinada para construir un municipio m\u00e1s equitativo, seguro y con oportunidades reales, especialmente en aquellas<br>comunidades rezagadas en servicios b\u00e1sicos como drenaje y pavimentaci\u00f3n.<\/p>\n","protected":false},"excerpt":{"rendered":"<p>*La presidenta Betzab\u00e9 Mart\u00ednez resalta importancia de impulsar proyectos prioritarios para atenci\u00f3n de la marginaci\u00f3n social ypobrezaPor primera vez, G\u00f3mez Palacio fue sede de las Jornadas de Capacitaci\u00f3n del Fondo de Aportaciones para la InfraestructuraSocial (FAIS) 2025, evento en el que se present\u00f3 la operaci\u00f3n del programa a representantes de los 39 ayuntamientos del estadode [&hellip;]<\/p>\n","protected":false},"author":1,"featured_media":25711,"comment_status":"open","ping_status":"open","sticky":false,"template":"","format":"standard","meta":{"_monsterinsights_skip_tracking":false,"_monsterinsights_sitenote_active":false,"_monsterinsights_sitenote_note":"","_monsterinsights_sitenote_category":0,"footnotes":""},"categories":[1],"tags":[],"_links":{"self":[{"href":"https:\/\/zonalimitrofe-cbnr.com\/index.php\/wp-json\/wp\/v2\/posts\/25710"}],"collection":[{"href":"https:\/\/zonalimitrofe-cbnr.com\/index.php\/wp-json\/wp\/v2\/posts"}],"about":[{"href":"https:\/\/zonalimitrofe-cbnr.com\/index.php\/wp-json\/wp\/v2\/types\/post"}],"author":[{"embeddable":true,"href":"https:\/\/zonalimitrofe-cbnr.com\/index.php\/wp-json\/wp\/v2\/users\/1"}],"replies":[{"embeddable":true,"href":"https:\/\/zonalimitrofe-cbnr.com\/index.php\/wp-json\/wp\/v2\/comments?post=25710"}],"version-history":[{"count":1,"href":"https:\/\/zonalimitrofe-cbnr.com\/index.php\/wp-json\/wp\/v2\/posts\/25710\/revisions"}],"predecessor-version":[{"id":25712,"href":"https:\/\/zonalimitrofe-cbnr.com\/index.php\/wp-json\/wp\/v2\/posts\/25710\/revisions\/25712"}],"wp:featuredmedia":[{"embeddable":true,"href":"https:\/\/zonalimitrofe-cbnr.com\/index.php\/wp-json\/wp\/v2\/media\/25711"}],"wp:attachment":[{"href":"https:\/\/zonalimitrofe-cbnr.com\/index.php\/wp-json\/wp\/v2\/media?parent=25710"}],"wp:term":[{"taxonomy":"category","embeddable":true,"href":"https:\/\/zonalimitrofe-cbnr.com\/index.php\/wp-json\/wp\/v2\/categories?post=25710"},{"taxonomy":"post_tag","embeddable":true,"href":"https:\/\/zonalimitrofe-cbnr.com\/index.php\/wp-json\/wp\/v2\/tags?post=25710"}],"curies":[{"name":"wp","href":"https:\/\/api.w.org\/{rel}","templated":true}]}}