{"id":25707,"date":"2025-09-30T19:19:30","date_gmt":"2025-10-01T01:19:30","guid":{"rendered":"https:\/\/zonalimitrofe-cbnr.com\/?p=25707"},"modified":"2025-09-30T19:19:30","modified_gmt":"2025-10-01T01:19:30","slug":"durango-gobierno-del-estado-invita-a-laguneros-a-disfrutar-del-festival-revueltas-2025-arte-y-cultura-en-cada-latido","status":"publish","type":"post","link":"https:\/\/zonalimitrofe-cbnr.com\/index.php\/2025\/09\/30\/durango-gobierno-del-estado-invita-a-laguneros-a-disfrutar-del-festival-revueltas-2025-arte-y-cultura-en-cada-latido\/","title":{"rendered":"#Durango. Gobierno del Estado invita a laguneros a disfrutar del Festival Revueltas 2025: arte y cultura en cada latido*"},"content":{"rendered":"\n<ul>\n<li>Durango cuenta con la infraestructura hotelera para dar hospedaje a los laguneros, asegurando un boleto preferencial en los conciertos<\/li>\n<\/ul>\n\n\n\n<p>Comarca Lagunera.- El Gobierno de Estado, a trav\u00e9s del Instituto de Cultura del Estado (ICED) y la Secretar\u00eda de Turismo en Durango (SETUED), present\u00f3 oficialmente la edici\u00f3n 2025 del Festival Cultural Revueltas, que se llevar\u00e1 a cabo del 18 al 26 de octubre en distintos escenarios de Durango capital. Este encuentro art\u00edstico es posible gracias al respaldo del gobernador Esteban Villegas Villarreal, quien impulsa el acceso a la cultura como un derecho para todas y todos los duranguenses.<br>Esta ma\u00f1ana, en el Museo Interactivo Acertijo de G\u00f3mez Palacio, se present\u00f3 la cartelera ante los medios de comunicaci\u00f3n; evento encabezado por el director del ICED, Francisco Javier P\u00e9rez Mesa, acompa\u00f1ado por las subsecretarias de Promoci\u00f3n en SETUED, Fernanda Ramos Velasco y Olivia Fern\u00e1ndez de Infraestructura y Desarrollo Tur\u00edstico de la Secretar\u00eda, as\u00ed como por el director de Vinculaci\u00f3n del ICED, Jos\u00e9 Antonio Arg\u00fcelles.<br>\u201cGracias al respaldo del gobernador Esteban Villegas, hoy podemos anunciar una programaci\u00f3n con grandes artistas nacionales e internacionales, adem\u00e1s de fortalecer la m\u00fasica, la danza, el teatro, la literatura y las artes pl\u00e1sticas\u201d, expres\u00f3 P\u00e9rez Mesa.<br>El Cartel art\u00edstico y cultural que vestir\u00e1 el Festival Revueltas es el siguiente:<br>18 de octubre.\u2013 Plaza Cuarto Centenario: inauguraci\u00f3n con Jos\u00e9 Luis Rodr\u00edguez \u201cEl Puma\u201d.<br>20 al 25 de octubre.- Ciclo de conciertos Planos Sonoros Silvestres Revueltas con m\u00fasicos nacionales e internacionales.<br>21 al 23 de octubre.- Coloquio de Literatura Durangue\u00f1a con Le\u00f3n Plascencia, Jos\u00e9 \u00c1ngel Leiva y Ruud Castro.<br>23 de octubre.- Presentaci\u00f3n del legendario Grupo Yndio.<br>24 de octubre.- Plaza Cuarto Centenario: concierto de Inspector.<br>24 de octubre.- Teatro: mon\u00f3logo Juicio a una Zorra con la primera actriz Itat\u00ed Cantoral.<br>25 de octubre.- Concierto de Benny Ibarra con su gira Nacer Una Vez M\u00e1s.<br>26 de octubre.- Magno cierre con el Revolcadero Masivo 2025 y un espect\u00e1culo de Ballet Folkl\u00f3rico en la Plaza Cuarto Centenario.<br>Adem\u00e1s, regresa el concurso Madonnari 2025, en honor a Ferm\u00edn Revueltas y el movimiento muralista mexicano.<br>El estado invitado ser\u00e1 Colima, que compartir\u00e1 su riqueza cultural y art\u00edstica.<br>Por su parte, la subsecretaria de Promoci\u00f3n Tur\u00edstica de la SETUED, Fernanda Ramos Velasco, destac\u00f3 que el Festival Revueltas es tambi\u00e9n una plataforma para atraer visitantes y fortalecer la econom\u00eda local. \u201cQueremos que los asistentes disfruten no solo del festival, sino de toda la oferta tur\u00edstica de Durango: el Telef\u00e9rico, el T\u00fanel de Miner\u00eda, el nuevo espacio interactivo Punto Cine, adem\u00e1s de nuestro Centro Hist\u00f3rico, la sierra y los pueblos m\u00e1gicos. Estimamos alcanzar una ocupaci\u00f3n hotelera superior al 60% en los fines de semana del festival\u201d, se\u00f1al\u00f3.<br>Resalt\u00f3 que, se cuenta con m\u00e1s de 3 mil 400 habitaciones y para quienes se hospeden en los hoteles de Durango en estas fechas, se les proporcionar\u00e1 un boleto para la zona preferencial en los conciertos, como un plus a su preferencia.<br>Con actividades para todas las edades y de acceso gratuito, el Festival Revueltas 2025 refrenda su vocaci\u00f3n de acercar el arte y la cultura a la ciudadan\u00eda, consolidando a Durango como un referente cultural y tur\u00edstico en el pa\u00eds.<\/p>\n","protected":false},"excerpt":{"rendered":"<p>Comarca Lagunera.- El Gobierno de Estado, a trav\u00e9s del Instituto de Cultura del Estado (ICED) y la Secretar\u00eda de Turismo en Durango (SETUED), present\u00f3 oficialmente la edici\u00f3n 2025 del Festival Cultural Revueltas, que se llevar\u00e1 a cabo del 18 al 26 de octubre en distintos escenarios de Durango capital. Este encuentro art\u00edstico es posible gracias [&hellip;]<\/p>\n","protected":false},"author":1,"featured_media":25708,"comment_status":"open","ping_status":"open","sticky":false,"template":"","format":"standard","meta":{"_monsterinsights_skip_tracking":false,"_monsterinsights_sitenote_active":false,"_monsterinsights_sitenote_note":"","_monsterinsights_sitenote_category":0,"footnotes":""},"categories":[1],"tags":[],"_links":{"self":[{"href":"https:\/\/zonalimitrofe-cbnr.com\/index.php\/wp-json\/wp\/v2\/posts\/25707"}],"collection":[{"href":"https:\/\/zonalimitrofe-cbnr.com\/index.php\/wp-json\/wp\/v2\/posts"}],"about":[{"href":"https:\/\/zonalimitrofe-cbnr.com\/index.php\/wp-json\/wp\/v2\/types\/post"}],"author":[{"embeddable":true,"href":"https:\/\/zonalimitrofe-cbnr.com\/index.php\/wp-json\/wp\/v2\/users\/1"}],"replies":[{"embeddable":true,"href":"https:\/\/zonalimitrofe-cbnr.com\/index.php\/wp-json\/wp\/v2\/comments?post=25707"}],"version-history":[{"count":1,"href":"https:\/\/zonalimitrofe-cbnr.com\/index.php\/wp-json\/wp\/v2\/posts\/25707\/revisions"}],"predecessor-version":[{"id":25709,"href":"https:\/\/zonalimitrofe-cbnr.com\/index.php\/wp-json\/wp\/v2\/posts\/25707\/revisions\/25709"}],"wp:featuredmedia":[{"embeddable":true,"href":"https:\/\/zonalimitrofe-cbnr.com\/index.php\/wp-json\/wp\/v2\/media\/25708"}],"wp:attachment":[{"href":"https:\/\/zonalimitrofe-cbnr.com\/index.php\/wp-json\/wp\/v2\/media?parent=25707"}],"wp:term":[{"taxonomy":"category","embeddable":true,"href":"https:\/\/zonalimitrofe-cbnr.com\/index.php\/wp-json\/wp\/v2\/categories?post=25707"},{"taxonomy":"post_tag","embeddable":true,"href":"https:\/\/zonalimitrofe-cbnr.com\/index.php\/wp-json\/wp\/v2\/tags?post=25707"}],"curies":[{"name":"wp","href":"https:\/\/api.w.org\/{rel}","templated":true}]}}