{"id":25704,"date":"2025-09-30T19:17:34","date_gmt":"2025-10-01T01:17:34","guid":{"rendered":"https:\/\/zonalimitrofe-cbnr.com\/?p=25704"},"modified":"2025-09-30T19:17:35","modified_gmt":"2025-10-01T01:17:35","slug":"uadec-produce-uadec-el-largometraje-todo-va-a-salir-bien","status":"publish","type":"post","link":"https:\/\/zonalimitrofe-cbnr.com\/index.php\/2025\/09\/30\/uadec-produce-uadec-el-largometraje-todo-va-a-salir-bien\/","title":{"rendered":"#UAdeC. Produce UAdeC el Largometraje \u201cTodo va a salir bien\u201d"},"content":{"rendered":"\n<p>TORRE\u00d3N, Coahuila. 30 de septiembre de 2025. La Universidad Aut\u00f3noma de Coahuila, a trav\u00e9s de la Facultad de Ciencias Pol\u00edticas y Sociales, la Facultad de Econom\u00eda y Mercadotecnia y la Escuela de Artes Esc\u00e9nicas Unidad Laguna, est\u00e1 desarrollando un proyecto cinematogr\u00e1fico en formato de largometraje titulado \u201cTodo va a salir bien\u201d.<\/p>\n\n\n\n<p>En rueda de prensa en la Sala Uno de la Infoteca \u201cLe\u00f3n Felipe\u201d, el rector de la m\u00e1xima casa de estudios, Octavio Pimentel, acompa\u00f1ado por la coordinadora de Unidad Laguna, Sandra L\u00f3pez Chavarr\u00eda, el director de la FCPyS, Ricardo Jurado Rangel, el coordinador del proyecto y director del largometraje, Manuel Rivera Pimentel y la productora ejecutiva y coguionista, Luisa Fernanda Ramos Flores, compartieron la relevancia de este proyecto que se encuentra en su fase final de preproducci\u00f3n.<\/p>\n\n\n\n<p>En su mensaje el rector Octavio Pimentel Mart\u00ednez, manifest\u00f3 a las y los universitarios lo orgulloso que se siente de trabajar con ellos y apoyar este proyecto, el cual es resultado del trabajo en equipo, as\u00ed mismo, se\u00f1al\u00f3 que con esto se cumple un compromiso que se traz\u00f3 junto con las y los j\u00f3venes de tener productos hechos en casa.<\/p>\n\n\n\n<p>\u201cLa idea de nosotros siempre ha sido generar un sentido de pertenencia de Los Lobos de la Aut\u00f3noma de Coahuila, que la gente se enamore de su instituci\u00f3n, de su escuela, de su logotipo y de sus colores, y este sentido de pertenencia traducirlo a lo largo de sus diferentes etapas, porque es parte de la lealtad que le tenemos a la universidad, de los valores que nosotros queremos difundir en nuestros j\u00f3venes, pero esa lealtad el d\u00eda de ma\u00f1ana se va a traducir en la lealtad a tu pa\u00eds, a tu estado a tu organizaci\u00f3n, a tu empresa o a la organizaci\u00f3n en la cual t\u00fa vayas a desarrollar alguna actividad, a tu familia a tus seres queridos, y eso es precisamente el sentido pertenencia que nosotros queremos generar\u201d, expres\u00f3.<\/p>\n\n\n\n<p>Enfatiz\u00f3 en que, todos Los Lobos de la UAdeC tienen un punto de encuentro, al tiempo que, destac\u00f3 que a las y los j\u00f3venes hay que apoyarlos, acompa\u00f1arlos, incentivarlos y escucharlos, para as\u00ed entender su forma de aprendizaje y su forma de llevar las cosas.<\/p>\n\n\n\n<p>Por su parte, el coordinador del proyecto y director, Manuel Rivera Pimentel, se\u00f1al\u00f3 que el largometraje re\u00fane a 43 estudiantes de distintas unidades acad\u00e9micas en \u00e1reas de log\u00edstica, producci\u00f3n t\u00e9cnica y actuaci\u00f3n, bajo la coordinaci\u00f3n de docentes y especialistas de las tres facultades participantes.<\/p>\n\n\n\n<p>\u201cEste proyecto se est\u00e1 realizando con la participaci\u00f3n de la Facultad de Ciencias Pol\u00edticas y Sociales, la Facultad de Econom\u00eda y Mercadotecnia, as\u00ed como la Coordinaci\u00f3n de Unidad Laguna y la Rector\u00eda de la UAdeC, el equipo de producci\u00f3n est\u00e1 constituido por 43 estudiantes de nuestra Universidad, equipo t\u00e9cnico del laboratorio de la carrera de Comunicaci\u00f3n, la experiencia y el talento de los<\/p>\n\n\n\n<p>involucrados f\u00edsicos y acad\u00e9micos donde podemos darle forma al talento y cu\u00e1l es el resultado de la pasi\u00f3n y la disciplina\u201d, dijo Rivera Pimentel.<\/p>\n\n\n\n<p>Coment\u00f3 que, el trabajo refleja la experiencia de los alumnos y de convertir una instituci\u00f3n en su nuevo hogar y a sus compa\u00f1eros de clase en su nueva familia, por lo que con este proyecto se va a buscar el espacio en las plataformas y se va a beneficiar a todos los alumnos y comunidades acad\u00e9micas de la instituci\u00f3n, pues es un proyecto para ellos y para el p\u00fablico.<\/p>\n\n\n\n<p>Agreg\u00f3 que, la pel\u00edcula contar\u00e1 con las actuaciones de Marcela Pe\u00f1a Sastr\u00e9, Melissa Guadalupe V\u00e9lez Mercado, Frank Zadkiel Rocha Torres y Carlos Alberto Miranda Villegas, quienes interpretar\u00e1n a cuatro j\u00f3venes que descubren su integridad y autoexpresi\u00f3n frente a los retos universitarios.<\/p>\n\n\n\n<p>Mientras que, la productora ejecutiva y coguionista, Luisa Fernanda Ramos Flores, comparti\u00f3 que la realizaci\u00f3n de este proyecto ha requerido de un esfuerzo conjunto de muchas personas de la instituci\u00f3n y, que cada uno ha sido pieza clave para el desarrollo de la pel\u00edcula en distintos puntos, ya que la proactividad ha permitido llegar hasta este momento.<\/p>\n\n\n\n<p>\u201cPrimeramente reconocemos como pieza importante del equipo al rector Octavio Pimentel, adem\u00e1s, ser\u00eda imposible sin el apoyo de los tres directores de las unidades acad\u00e9micas, tambi\u00e9n a ustedes nuestros amigos y compa\u00f1eros que m\u00e1s que colaboradores son c\u00f3mplices de este proyecto por su disposici\u00f3n, participaci\u00f3n, entrega, alegr\u00eda, pasi\u00f3n y esfuerzo, son la sangre que le da vida y coraz\u00f3n a esta pel\u00edcula, y son el motivo por el cual estamos haciendo esto\u201d, coment\u00f3.<\/p>\n\n\n\n<p>El rodaje se llevar\u00e1 a cabo en Ciudad Universitaria Campus Torre\u00f3n durante los meses de octubre y noviembre del a\u00f1o en curso, con el acompa\u00f1amiento de especialistas, directores y personal acad\u00e9mico, bajo una visi\u00f3n de trabajo interdisciplinario entre las \u00e1reas de Comunicaci\u00f3n, Mercadotecnia y Artes Esc\u00e9nicas.<\/p>\n","protected":false},"excerpt":{"rendered":"<p>TORRE\u00d3N, Coahuila. 30 de septiembre de 2025. La Universidad Aut\u00f3noma de Coahuila, a trav\u00e9s de la Facultad de Ciencias Pol\u00edticas y Sociales, la Facultad de Econom\u00eda y Mercadotecnia y la Escuela de Artes Esc\u00e9nicas Unidad Laguna, est\u00e1 desarrollando un proyecto cinematogr\u00e1fico en formato de largometraje titulado \u201cTodo va a salir bien\u201d. En rueda de prensa [&hellip;]<\/p>\n","protected":false},"author":1,"featured_media":25705,"comment_status":"open","ping_status":"open","sticky":false,"template":"","format":"standard","meta":{"_monsterinsights_skip_tracking":false,"_monsterinsights_sitenote_active":false,"_monsterinsights_sitenote_note":"","_monsterinsights_sitenote_category":0,"footnotes":""},"categories":[1],"tags":[],"_links":{"self":[{"href":"https:\/\/zonalimitrofe-cbnr.com\/index.php\/wp-json\/wp\/v2\/posts\/25704"}],"collection":[{"href":"https:\/\/zonalimitrofe-cbnr.com\/index.php\/wp-json\/wp\/v2\/posts"}],"about":[{"href":"https:\/\/zonalimitrofe-cbnr.com\/index.php\/wp-json\/wp\/v2\/types\/post"}],"author":[{"embeddable":true,"href":"https:\/\/zonalimitrofe-cbnr.com\/index.php\/wp-json\/wp\/v2\/users\/1"}],"replies":[{"embeddable":true,"href":"https:\/\/zonalimitrofe-cbnr.com\/index.php\/wp-json\/wp\/v2\/comments?post=25704"}],"version-history":[{"count":1,"href":"https:\/\/zonalimitrofe-cbnr.com\/index.php\/wp-json\/wp\/v2\/posts\/25704\/revisions"}],"predecessor-version":[{"id":25706,"href":"https:\/\/zonalimitrofe-cbnr.com\/index.php\/wp-json\/wp\/v2\/posts\/25704\/revisions\/25706"}],"wp:featuredmedia":[{"embeddable":true,"href":"https:\/\/zonalimitrofe-cbnr.com\/index.php\/wp-json\/wp\/v2\/media\/25705"}],"wp:attachment":[{"href":"https:\/\/zonalimitrofe-cbnr.com\/index.php\/wp-json\/wp\/v2\/media?parent=25704"}],"wp:term":[{"taxonomy":"category","embeddable":true,"href":"https:\/\/zonalimitrofe-cbnr.com\/index.php\/wp-json\/wp\/v2\/categories?post=25704"},{"taxonomy":"post_tag","embeddable":true,"href":"https:\/\/zonalimitrofe-cbnr.com\/index.php\/wp-json\/wp\/v2\/tags?post=25704"}],"curies":[{"name":"wp","href":"https:\/\/api.w.org\/{rel}","templated":true}]}}