{"id":25694,"date":"2025-09-29T20:35:30","date_gmt":"2025-09-30T02:35:30","guid":{"rendered":"https:\/\/zonalimitrofe-cbnr.com\/?p=25694"},"modified":"2025-09-29T20:35:30","modified_gmt":"2025-09-30T02:35:30","slug":"durango-gobierno-del-estado-refuerza-la-salud-publica-con-campana-de-vacunacion-y-esterilizacion-de-mascotas","status":"publish","type":"post","link":"https:\/\/zonalimitrofe-cbnr.com\/index.php\/2025\/09\/29\/durango-gobierno-del-estado-refuerza-la-salud-publica-con-campana-de-vacunacion-y-esterilizacion-de-mascotas\/","title":{"rendered":"#Durango. Gobierno del Estado refuerza la salud p\u00fablica con Campa\u00f1a de Vacunaci\u00f3n y Esterilizaci\u00f3n de Mascotas*"},"content":{"rendered":"\n<ul>\n<li>Se aplicaron 52 vacunas antirr\u00e1bicas y se realiz\u00f3 igual n\u00famero de esterilizaciones en Pe\u00f1\u00f3n Blanco<\/li>\n<\/ul>\n\n\n\n<p>Comarca Lagunera.- En el marco del D\u00eda Mundial contra la Rabia, el gobierno de Esteban Villegas Villarreal, a trav\u00e9s de la Secretar\u00eda de Salud en Durango (SSD) y la Jurisdicci\u00f3n Sanitaria No. 2, llev\u00f3 a cabo una intensa jornada de vacunaci\u00f3n y esterilizaci\u00f3n de perros y gatos en el municipio de Pe\u00f1\u00f3n Blanco; acciones que refrendan el compromiso del gobernador para promover pol\u00edticas de salud p\u00fablica que resguarden el bienestar de los duranguenses en toda la entidad, as\u00ed lo inform\u00f3 Jos\u00e9 Antonio Adame de Le\u00f3n, titular de la Jurisdicci\u00f3n.<br>Record\u00f3 que el D\u00eda Mundial contra la Rabia se celebra el 28 de septiembre con el objetivo de eliminar esta enfermedad, mismo que fue establecido por la Alianza Global para el Control de la Rabia y reconocido por la Organizaci\u00f3n Mundial de la Salud (OMS). \u201cOportunidad crucial para unir esfuerzos y trabajar hacia su eliminaci\u00f3n, protegiendo as\u00ed, tanto a los animales como a las personas\u201d, destac\u00f3.<br>El funcionario subray\u00f3 que estas acciones son parte de la pol\u00edtica de salud p\u00fablica que impulsa el Gobierno del Estado, priorizando la atenci\u00f3n preventiva y el cuidado de los animales de compa\u00f1\u00eda como una medida directa de protecci\u00f3n a la ciudadan\u00eda.<br>\u201cEl compromiso del gobernador Esteban Villegas Villarreal con la salud de los duranguenses se refleja en cada campa\u00f1a que emprendemos desde la SSD. Nuestro objetivo es llegar a todas las comunidades para que nadie quede fuera de la protecci\u00f3n contra la rabia\u201d, concluy\u00f3 Adame de Le\u00f3n.<br>En esta campa\u00f1a de vacunaci\u00f3n y esterilizaci\u00f3n de Pe\u00f1\u00f3n Blanco se aplicaron 52 vacunas antirr\u00e1bicas y se realizaron 52 esterilizaciones, de las cuales 40 correspondieron a perros y 12 a gatos; gracias al trabajo coordinado y la suma de esfuerzos con el municipio.<br>Finalmente, Adame de Le\u00f3n puntualiz\u00f3 que particip\u00f3 personal del Centro de Salud para garantizar el \u00e9xito de esta jornada, donde se cumplieron los objetivos trazados, concluy\u00f3.<br><em>0o0<\/em><\/p>\n","protected":false},"excerpt":{"rendered":"<p>Comarca Lagunera.- En el marco del D\u00eda Mundial contra la Rabia, el gobierno de Esteban Villegas Villarreal, a trav\u00e9s de la Secretar\u00eda de Salud en Durango (SSD) y la Jurisdicci\u00f3n Sanitaria No. 2, llev\u00f3 a cabo una intensa jornada de vacunaci\u00f3n y esterilizaci\u00f3n de perros y gatos en el municipio de Pe\u00f1\u00f3n Blanco; acciones que [&hellip;]<\/p>\n","protected":false},"author":1,"featured_media":25695,"comment_status":"open","ping_status":"open","sticky":false,"template":"","format":"standard","meta":{"_monsterinsights_skip_tracking":false,"_monsterinsights_sitenote_active":false,"_monsterinsights_sitenote_note":"","_monsterinsights_sitenote_category":0,"footnotes":""},"categories":[1],"tags":[],"_links":{"self":[{"href":"https:\/\/zonalimitrofe-cbnr.com\/index.php\/wp-json\/wp\/v2\/posts\/25694"}],"collection":[{"href":"https:\/\/zonalimitrofe-cbnr.com\/index.php\/wp-json\/wp\/v2\/posts"}],"about":[{"href":"https:\/\/zonalimitrofe-cbnr.com\/index.php\/wp-json\/wp\/v2\/types\/post"}],"author":[{"embeddable":true,"href":"https:\/\/zonalimitrofe-cbnr.com\/index.php\/wp-json\/wp\/v2\/users\/1"}],"replies":[{"embeddable":true,"href":"https:\/\/zonalimitrofe-cbnr.com\/index.php\/wp-json\/wp\/v2\/comments?post=25694"}],"version-history":[{"count":1,"href":"https:\/\/zonalimitrofe-cbnr.com\/index.php\/wp-json\/wp\/v2\/posts\/25694\/revisions"}],"predecessor-version":[{"id":25696,"href":"https:\/\/zonalimitrofe-cbnr.com\/index.php\/wp-json\/wp\/v2\/posts\/25694\/revisions\/25696"}],"wp:featuredmedia":[{"embeddable":true,"href":"https:\/\/zonalimitrofe-cbnr.com\/index.php\/wp-json\/wp\/v2\/media\/25695"}],"wp:attachment":[{"href":"https:\/\/zonalimitrofe-cbnr.com\/index.php\/wp-json\/wp\/v2\/media?parent=25694"}],"wp:term":[{"taxonomy":"category","embeddable":true,"href":"https:\/\/zonalimitrofe-cbnr.com\/index.php\/wp-json\/wp\/v2\/categories?post=25694"},{"taxonomy":"post_tag","embeddable":true,"href":"https:\/\/zonalimitrofe-cbnr.com\/index.php\/wp-json\/wp\/v2\/tags?post=25694"}],"curies":[{"name":"wp","href":"https:\/\/api.w.org\/{rel}","templated":true}]}}