{"id":25688,"date":"2025-09-29T20:21:29","date_gmt":"2025-09-30T02:21:29","guid":{"rendered":"https:\/\/zonalimitrofe-cbnr.com\/?p=25688"},"modified":"2025-09-29T20:21:29","modified_gmt":"2025-09-30T02:21:29","slug":"torreon-alcalde-reafirma-compromiso-con-la-seguridad-con-inversion-y-coordinacion","status":"publish","type":"post","link":"https:\/\/zonalimitrofe-cbnr.com\/index.php\/2025\/09\/29\/torreon-alcalde-reafirma-compromiso-con-la-seguridad-con-inversion-y-coordinacion\/","title":{"rendered":"#Torre\u00f3n. Alcalde reafirma compromiso con la seguridad con inversi\u00f3n y coordinaci\u00f3n"},"content":{"rendered":"\n<p><strong>Torre\u00f3n, Coahuila. A 29 de septiembre de 2025. <\/strong>Durante la trig\u00e9sima sexta reuni\u00f3n semanal de seguridad, el alcalde Rom\u00e1n Alberto Cepeda Gonz\u00e1lez destac\u00f3 la presencia del General Brigadier Diplomado de Estado Mayor Juan Carlos Quiroz Mu\u00f1oz, comandante de la Sexta Zona Militar, con quien comparti\u00f3 los avances en materia de seguridad que ha tenido el municipio; adem\u00e1s dio nombramiento a Dar\u00edo Calvillo Montoya como comandante del Grupo de Reacci\u00f3n Torre\u00f3n (GRT). \u201cTorre\u00f3n lleg\u00f3 a ser la quinta ciudad m\u00e1s insegura del mundo, despu\u00e9s de Medell\u00edn, y el esfuerzo conjunto entre empresarios, las corporaciones del Estado, el Ej\u00e9rcito Mexicano, la Guardia Nacional y los distintos \u00f3rdenes de Gobierno, ha sido un factor clave para que hoy se encuentre entre las ciudades m\u00e1s seguras del pa\u00eds\u201d, dijo el edil. Adem\u00e1s, el Presidente Municipal se\u00f1al\u00f3 que Torre\u00f3n es el municipio que m\u00e1s invierte en seguridad en todo el pa\u00eds.\u201cEn lo que va de mi Administraci\u00f3n, desde 2022 a la fecha, hemos entregado 290 patrullas; m\u00e1s de 900 armas; y se han instalado 700 c\u00e1maras inteligentes con funciones de reconocimiento facial y capacidad t\u00e1ctica. Todo esto demuestra el compromiso y la solidez de la estrategia encabezada por el Gobernador\u201d. En ese sentido, el Alcalde ratific\u00f3 su compromiso de seguir trabajando junto con el Ej\u00e9rcito Mexicano, el gobernador Manolo Jim\u00e9nez, el 33 Batall\u00f3n Militar, el Mando Especial, la Guardia Nacional y la corporaci\u00f3n estatal, para mantener una ruta clara y no regresar a las \u00e9pocas de inseguridad que se vivieron. Durante la reuni\u00f3n, el edil dio nombramiento a Dar\u00edo Calvillo Montoya como comandante del Grupo Reacci\u00f3n Torre\u00f3n, quien sustituye a Andr\u00e9s Torres Padilla. Lo anterior dijo, debido a diversos enroques que forman parte de las estrategias de seguridad del Gobierno del Estado. Referente al \u00edndice semanal de incidencia delictiva, el comisario Alfredo Flores Originales, director de la Polic\u00eda de Torre\u00f3n, inform\u00f3 que del 22 al 27 de septiembre, disminuy\u00f3 el \u00edndice delictivo en el rubro de robo a veh\u00edculo, con dos eventos; robo a accesorio de veh\u00edculo, con cero eventos; y se mantuvo el de robo a transporte p\u00fablico individual, con un evento.<\/p>\n\n\n\n<p>La Polic\u00eda Municipal efectu\u00f3 108 detenciones que fueron remitidas al Ministerio P\u00fablico y 86 al Juez Calificador.<\/p>\n\n\n\n<p>El Grupo de Reacci\u00f3n Torre\u00f3n realiz\u00f3 13 detenciones relacionadas con la posesi\u00f3n de narc\u00f3ticos.<\/p>\n\n\n\n<p>Adem\u00e1s, el Comisario destac\u00f3 que contin\u00faan los operativos de proximidad por ejemplo en Jimulco, as\u00ed como los del k9 en paqueter\u00edas.<\/p>\n\n\n\n<p>Martha Esther Rodr\u00edguez Romero, directora del Centro de Justicia Municipal (CJM), inform\u00f3 sobre la atenci\u00f3n y asesor\u00edas brindadas a habitantes del ejido La Palma y alrededores, donde se realiz\u00f3 la brigada El alcalde y su equipo en tu colonia hacen m\u00e1s.<\/p>\n\n\n\n<p>Tambi\u00e9n dio a conocer sobre una nueva alianza, ahora con Mauricio Alarc\u00f3n, titular del Grupo AA Torre\u00f3n, para fortalecer el cat\u00e1logo de Justicia C\u00edvica.<\/p>\n\n\n\n<p>Martha Alicia Faz D\u00e1vila, directora de Tr\u00e1nsito y Vialidad, mencion\u00f3 que supervis\u00f3 el dispositivo de Seguridad Vial aplicado en la Feria de Torre\u00f3n en funci\u00f3n de hacer los ajustes necesarios para la mejora de los operativos.<\/p>\n\n\n\n<p>Asimismo, coment\u00f3 que sostuvo reuniones con miembros del Consejo Consultivo de Vialidad y del Consejo Ciudadano de Seguridad P\u00fablica, para establecer acuerdos de coordinaci\u00f3n que contribuyan a la estrategi<\/p>\n","protected":false},"excerpt":{"rendered":"<p>Torre\u00f3n, Coahuila. A 29 de septiembre de 2025. Durante la trig\u00e9sima sexta reuni\u00f3n semanal de seguridad, el alcalde Rom\u00e1n Alberto Cepeda Gonz\u00e1lez destac\u00f3 la presencia del General Brigadier Diplomado de Estado Mayor Juan Carlos Quiroz Mu\u00f1oz, comandante de la Sexta Zona Militar, con quien comparti\u00f3 los avances en materia de seguridad que ha tenido el [&hellip;]<\/p>\n","protected":false},"author":1,"featured_media":25689,"comment_status":"open","ping_status":"open","sticky":false,"template":"","format":"standard","meta":{"_monsterinsights_skip_tracking":false,"_monsterinsights_sitenote_active":false,"_monsterinsights_sitenote_note":"","_monsterinsights_sitenote_category":0,"footnotes":""},"categories":[1],"tags":[],"_links":{"self":[{"href":"https:\/\/zonalimitrofe-cbnr.com\/index.php\/wp-json\/wp\/v2\/posts\/25688"}],"collection":[{"href":"https:\/\/zonalimitrofe-cbnr.com\/index.php\/wp-json\/wp\/v2\/posts"}],"about":[{"href":"https:\/\/zonalimitrofe-cbnr.com\/index.php\/wp-json\/wp\/v2\/types\/post"}],"author":[{"embeddable":true,"href":"https:\/\/zonalimitrofe-cbnr.com\/index.php\/wp-json\/wp\/v2\/users\/1"}],"replies":[{"embeddable":true,"href":"https:\/\/zonalimitrofe-cbnr.com\/index.php\/wp-json\/wp\/v2\/comments?post=25688"}],"version-history":[{"count":1,"href":"https:\/\/zonalimitrofe-cbnr.com\/index.php\/wp-json\/wp\/v2\/posts\/25688\/revisions"}],"predecessor-version":[{"id":25690,"href":"https:\/\/zonalimitrofe-cbnr.com\/index.php\/wp-json\/wp\/v2\/posts\/25688\/revisions\/25690"}],"wp:featuredmedia":[{"embeddable":true,"href":"https:\/\/zonalimitrofe-cbnr.com\/index.php\/wp-json\/wp\/v2\/media\/25689"}],"wp:attachment":[{"href":"https:\/\/zonalimitrofe-cbnr.com\/index.php\/wp-json\/wp\/v2\/media?parent=25688"}],"wp:term":[{"taxonomy":"category","embeddable":true,"href":"https:\/\/zonalimitrofe-cbnr.com\/index.php\/wp-json\/wp\/v2\/categories?post=25688"},{"taxonomy":"post_tag","embeddable":true,"href":"https:\/\/zonalimitrofe-cbnr.com\/index.php\/wp-json\/wp\/v2\/tags?post=25688"}],"curies":[{"name":"wp","href":"https:\/\/api.w.org\/{rel}","templated":true}]}}