{"id":25678,"date":"2025-09-28T20:12:34","date_gmt":"2025-09-29T02:12:34","guid":{"rendered":"https:\/\/zonalimitrofe-cbnr.com\/?p=25678"},"modified":"2025-09-28T20:12:34","modified_gmt":"2025-09-29T02:12:34","slug":"torreon-impulsan-acciones-de-movilidad-activa-para-reducir-el-uso-del-automovil","status":"publish","type":"post","link":"https:\/\/zonalimitrofe-cbnr.com\/index.php\/2025\/09\/28\/torreon-impulsan-acciones-de-movilidad-activa-para-reducir-el-uso-del-automovil\/","title":{"rendered":"#Torre\u00f3n. Impulsan acciones de movilidad activa para reducir el uso del autom\u00f3vil"},"content":{"rendered":"\n<p>Torre\u00f3n, Coahuila. A 28 de septiembre de 2025<\/p>\n\n\n\n<p>En el marco del \u201cD\u00eda Mundial sin Auto\u201d celebrado el 22 de septiembre, la Direcci\u00f3n General de Medio Ambiente lleva a cabo diversas acciones con el prop\u00f3sito de fomentar la movilidad activa y generar conciencia sobre el impacto ambiental que produce el uso excesivo del autom\u00f3vil.<\/p>\n\n\n\n<p>Marcelo S\u00e1nchez Adame, director de la dependencia, se\u00f1al\u00f3 que la Administraci\u00f3n Municipal trabaja en la creaci\u00f3n de estrategias que ofrezcan alternativas responsables con el medio ambiente, y al mismo tiempo generen beneficios directos para las familias.<\/p>\n\n\n\n<p>Como parte de estos esfuerzos, indic\u00f3 que se realizan de manera permanente programas en espacios p\u00fablicos como el Paseo Col\u00f3n, instituciones educativas y en dependencias municipales, como es el de \u201cOficina Verde\u201d.<\/p>\n\n\n\n<p>Adem\u00e1s, se cuenta con la iniciativa de \u201cMovilidad Interna\u201d, en el que el personal municipal utiliza la bicicleta para realizar tr\u00e1mites en otras dependencias ubicadas a una distancia de hasta tres kil\u00f3metros, reduciendo con ello emisiones contaminantes.<\/p>\n\n\n\n<p>Adem\u00e1s, Tom\u00e1s Juan Manuel L\u00f3pez Vel\u00e1zquez, director de Programas y Educaci\u00f3n Ambiental de la direcci\u00f3n, destac\u00f3 la implementaci\u00f3n del programa \u201cVeh\u00edculo Compartido\u201d, pr\u00e1ctica mediante la cual al menos tres colaboradores del edificio de Presidencia Municipal se trasladan juntos a sus centros de trabajo, contribuyendo a disminuir la contaminaci\u00f3n atmosf\u00e9rica y optimizando el uso de combustible.<\/p>\n\n\n\n<p>El funcionario dijo que a estas acciones se suma el programa de educaci\u00f3n y cultura ambiental \u201cAprendo y Cuido m\u00e1s\u201d, que se desarrolla en brigadas con apoyo de la dependencia de la Direcci\u00f3n General de Vialidad y Movilidad Urbana.<\/p>\n\n\n\n<p>Detall\u00f3 que se ense\u00f1a a ni\u00f1os sobre cultura vial, se\u00f1al\u00e9tica y buenas pr\u00e1cticas en materia de movilidad, a trav\u00e9s de actividades l\u00fadicas como la \u201cBici Escuela\u201d, el cual se imparte en instituciones y eventos comunitarios, con el fin de fomentar el uso recreativo y seguro de este medio de transporte.<\/p>\n\n\n\n<p>Finalmente, indic\u00f3 que las acciones forman parte de los objetivos de la Administraci\u00f3n Municipal del alcalde Rom\u00e1n Alberto Cepeda Gonz\u00e1lez, que impulsan una cultura de movilidad sustentable que favorezca al medio ambiente.<\/p>\n","protected":false},"excerpt":{"rendered":"<p>Torre\u00f3n, Coahuila. A 28 de septiembre de 2025 En el marco del \u201cD\u00eda Mundial sin Auto\u201d celebrado el 22 de septiembre, la Direcci\u00f3n General de Medio Ambiente lleva a cabo diversas acciones con el prop\u00f3sito de fomentar la movilidad activa y generar conciencia sobre el impacto ambiental que produce el uso excesivo del autom\u00f3vil. Marcelo [&hellip;]<\/p>\n","protected":false},"author":1,"featured_media":25679,"comment_status":"open","ping_status":"open","sticky":false,"template":"","format":"standard","meta":{"_monsterinsights_skip_tracking":false,"_monsterinsights_sitenote_active":false,"_monsterinsights_sitenote_note":"","_monsterinsights_sitenote_category":0,"footnotes":""},"categories":[1],"tags":[],"_links":{"self":[{"href":"https:\/\/zonalimitrofe-cbnr.com\/index.php\/wp-json\/wp\/v2\/posts\/25678"}],"collection":[{"href":"https:\/\/zonalimitrofe-cbnr.com\/index.php\/wp-json\/wp\/v2\/posts"}],"about":[{"href":"https:\/\/zonalimitrofe-cbnr.com\/index.php\/wp-json\/wp\/v2\/types\/post"}],"author":[{"embeddable":true,"href":"https:\/\/zonalimitrofe-cbnr.com\/index.php\/wp-json\/wp\/v2\/users\/1"}],"replies":[{"embeddable":true,"href":"https:\/\/zonalimitrofe-cbnr.com\/index.php\/wp-json\/wp\/v2\/comments?post=25678"}],"version-history":[{"count":1,"href":"https:\/\/zonalimitrofe-cbnr.com\/index.php\/wp-json\/wp\/v2\/posts\/25678\/revisions"}],"predecessor-version":[{"id":25680,"href":"https:\/\/zonalimitrofe-cbnr.com\/index.php\/wp-json\/wp\/v2\/posts\/25678\/revisions\/25680"}],"wp:featuredmedia":[{"embeddable":true,"href":"https:\/\/zonalimitrofe-cbnr.com\/index.php\/wp-json\/wp\/v2\/media\/25679"}],"wp:attachment":[{"href":"https:\/\/zonalimitrofe-cbnr.com\/index.php\/wp-json\/wp\/v2\/media?parent=25678"}],"wp:term":[{"taxonomy":"category","embeddable":true,"href":"https:\/\/zonalimitrofe-cbnr.com\/index.php\/wp-json\/wp\/v2\/categories?post=25678"},{"taxonomy":"post_tag","embeddable":true,"href":"https:\/\/zonalimitrofe-cbnr.com\/index.php\/wp-json\/wp\/v2\/tags?post=25678"}],"curies":[{"name":"wp","href":"https:\/\/api.w.org\/{rel}","templated":true}]}}