{"id":25651,"date":"2025-09-28T12:49:33","date_gmt":"2025-09-28T18:49:33","guid":{"rendered":"https:\/\/zonalimitrofe-cbnr.com\/?p=25651"},"modified":"2025-09-28T12:49:34","modified_gmt":"2025-09-28T18:49:34","slug":"torreon-el-instituto-municipal-de-la-mujer-firma-convenio-de-colaboracion-con-la-universidad-la-salle","status":"publish","type":"post","link":"https:\/\/zonalimitrofe-cbnr.com\/index.php\/2025\/09\/28\/torreon-el-instituto-municipal-de-la-mujer-firma-convenio-de-colaboracion-con-la-universidad-la-salle\/","title":{"rendered":"#Torre\u00f3n. El Instituto Municipal de la Mujer firma convenio de colaboraci\u00f3n con la Universidad La Salle"},"content":{"rendered":"\n<p>Torre\u00f3n, Coahuila a 28 de septiembre del 2025<\/p>\n\n\n\n<p>El Instituto Municipal de la Mujer (IMM) y la Universidad La Salle Unidad Laguna, firmaron un convenio de colaboraci\u00f3n con el objetivo de fortalecer el desarrollo acad\u00e9mico y profesional de las y los estudiantes de esta casa de estudios, para que puedan realizar sus pr\u00e1cticas profesionales o servicio social en la dependencia.<\/p>\n\n\n\n<p>Amira Luc\u00eda Darwich Garc\u00eda, directora del IMM, manifest\u00f3 su compromiso por promover el desarrollo profesional estudiantil, con actividades que permitir\u00e1n a la comunidad estudiantil aplicar sus conocimientos en un entorno real.<\/p>\n\n\n\n<p>\u201cDe acuerdo con el perfil y las necesidades del IMM, las y los estudiantes que podr\u00e1n incorporarse provienen principalmente de las carreras de Psicolog\u00eda, Derecho y Ciencias de la Comunicaci\u00f3n\u201d, precis\u00f3 la funcionaria.<\/p>\n\n\n\n<p>Asimismo, este convenio abre las puertas para que el Instituto Municipal de la Mujer pueda impartir pl\u00e1ticas y capacitaciones dirigidas tanto al personal docente como al alumnado de la Universidad La Salle, fortaleciendo la formaci\u00f3n integral y la perspectiva de g\u00e9nero dentro de la instituci\u00f3n educativa.<\/p>\n\n\n\n<p>La relaci\u00f3n de colaboraci\u00f3n establecida tendr\u00e1 vigencia hasta el 31 de diciembre de 2027.<\/p>\n\n\n\n<p>A la firma del convenio asisti\u00f3 Juan Roberto L\u00f3pez Gonz\u00e1lez, rector de la Universidad La Salle Unidad Laguna; as\u00ed como Isabel Carrillo Mart\u00ednez, vicerrectora de la Universidad; y Rosa Isela Gallegos Barboza, directora de Capacitaci\u00f3n y Actividades Productivas del IMM.<\/p>\n\n\n\n<p>Cabe destacar que anteriormente ya se hab\u00edan realizado trabajos conjuntos entre ambas instituciones, sin embargo, esta es la primera ocasi\u00f3n en que se formaliza un convenio de colaboraci\u00f3n, lo que marca un precedente en la Administraci\u00f3n Municipal del alcalde Rom\u00e1n Alberto Cepeda Gonz\u00e1lez, para fortalecer las alianzas en beneficio de las y los j\u00f3venes universitarios.<\/p>\n","protected":false},"excerpt":{"rendered":"<p>Torre\u00f3n, Coahuila a 28 de septiembre del 2025 El Instituto Municipal de la Mujer (IMM) y la Universidad La Salle Unidad Laguna, firmaron un convenio de colaboraci\u00f3n con el objetivo de fortalecer el desarrollo acad\u00e9mico y profesional de las y los estudiantes de esta casa de estudios, para que puedan realizar sus pr\u00e1cticas profesionales o [&hellip;]<\/p>\n","protected":false},"author":1,"featured_media":25652,"comment_status":"open","ping_status":"open","sticky":false,"template":"","format":"standard","meta":{"_monsterinsights_skip_tracking":false,"_monsterinsights_sitenote_active":false,"_monsterinsights_sitenote_note":"","_monsterinsights_sitenote_category":0,"footnotes":""},"categories":[1],"tags":[],"_links":{"self":[{"href":"https:\/\/zonalimitrofe-cbnr.com\/index.php\/wp-json\/wp\/v2\/posts\/25651"}],"collection":[{"href":"https:\/\/zonalimitrofe-cbnr.com\/index.php\/wp-json\/wp\/v2\/posts"}],"about":[{"href":"https:\/\/zonalimitrofe-cbnr.com\/index.php\/wp-json\/wp\/v2\/types\/post"}],"author":[{"embeddable":true,"href":"https:\/\/zonalimitrofe-cbnr.com\/index.php\/wp-json\/wp\/v2\/users\/1"}],"replies":[{"embeddable":true,"href":"https:\/\/zonalimitrofe-cbnr.com\/index.php\/wp-json\/wp\/v2\/comments?post=25651"}],"version-history":[{"count":1,"href":"https:\/\/zonalimitrofe-cbnr.com\/index.php\/wp-json\/wp\/v2\/posts\/25651\/revisions"}],"predecessor-version":[{"id":25653,"href":"https:\/\/zonalimitrofe-cbnr.com\/index.php\/wp-json\/wp\/v2\/posts\/25651\/revisions\/25653"}],"wp:featuredmedia":[{"embeddable":true,"href":"https:\/\/zonalimitrofe-cbnr.com\/index.php\/wp-json\/wp\/v2\/media\/25652"}],"wp:attachment":[{"href":"https:\/\/zonalimitrofe-cbnr.com\/index.php\/wp-json\/wp\/v2\/media?parent=25651"}],"wp:term":[{"taxonomy":"category","embeddable":true,"href":"https:\/\/zonalimitrofe-cbnr.com\/index.php\/wp-json\/wp\/v2\/categories?post=25651"},{"taxonomy":"post_tag","embeddable":true,"href":"https:\/\/zonalimitrofe-cbnr.com\/index.php\/wp-json\/wp\/v2\/tags?post=25651"}],"curies":[{"name":"wp","href":"https:\/\/api.w.org\/{rel}","templated":true}]}}