{"id":25623,"date":"2025-09-27T17:28:50","date_gmt":"2025-09-27T23:28:50","guid":{"rendered":"https:\/\/zonalimitrofe-cbnr.com\/?p=25623"},"modified":"2025-09-27T17:31:56","modified_gmt":"2025-09-27T23:31:56","slug":"realizan-brigadas-de-educacion-y-cultura-ambiental-del-programa-aprendo-y-cuido-mas","status":"publish","type":"post","link":"https:\/\/zonalimitrofe-cbnr.com\/index.php\/2025\/09\/27\/realizan-brigadas-de-educacion-y-cultura-ambiental-del-programa-aprendo-y-cuido-mas\/","title":{"rendered":"#Torre\u00f3n. Realizan brigadas de educaci\u00f3n y cultura ambiental del programa \u201cAprendo y Cuido M\u00c1S\u201d"},"content":{"rendered":"\n<p><strong>Torre\u00f3n, Coahuila. A 27 de septiembre de 2025.-<\/strong> Con el objetivo de promover acciones concretas a favor del entorno, la Direcci\u00f3n General de Medio Ambiente llev\u00f3 a cabo la capacitaci\u00f3n de las brigadas de educaci\u00f3n del programa \u201cAprendo y Cuido M\u00c1S\u201d, en escuelas primarias de Torre\u00f3n. Durante la jornada se reunieron docentes de distintas instituciones educativas como la escuela Agust\u00edn Melgar del ejido La Uni\u00f3n y la Escuela 13 de Septiembre, entre otras, quienes recibieron informaci\u00f3n sobre los contenidos y actividades que se implementar\u00e1n a lo largo del programa. Marcelo S\u00e1nchez Adame, director de la dependencia, dio a conocer que la actividad est\u00e1 dise\u00f1ada para compartir herramientas, conocimientos y experiencias que contribuyan a una formaci\u00f3n ambiental integral en distintas escuelas del municipio. En este sentido, dijo que es una estrategia educativa que busca sembrar conciencia ambiental desde edades tempranas, involucrando activamente a los docentes como agentes multiplicadores de cambio. Las capacitaciones estuvieron a cargo de distintas dependencias y organizaciones comprometidas, entre ellas, el Instituto Municipal de Cultura y Educaci\u00f3n (IMCE), y el \u00e1rea de Cultura del Agua del SIMAS, quienes ofrecieron una visi\u00f3n sobre el uso responsable y consciente del recurso h\u00eddrico. Adem\u00e1s, de un representante de la plataforma Naturalist y personal de Medio Ambiente, quienes fueron encargados de presentar el enfoque general del programa. El funcionario se\u00f1al\u00f3 que los docentes y expositores tuvieron la oportunidad de crear un jard\u00edn polinizador en el exterior del Museo Regional de La Laguna (MUREL). \u201cEsta actividad simb\u00f3lica y pr\u00e1ctica tiene como objetivo fomentar la conservaci\u00f3n de la biodiversidad local, al ofrecer un espacio propicio para mariposas, abejas y otros polinizadores claves en el equilibrio de los ecosistemas\u201d.<\/p>\n","protected":false},"excerpt":{"rendered":"<p>Torre\u00f3n, Coahuila. A 27 de septiembre de 2025.- Con el objetivo de promover acciones concretas a favor del entorno, la Direcci\u00f3n General de Medio Ambiente llev\u00f3 a cabo la capacitaci\u00f3n de las brigadas de educaci\u00f3n del programa \u201cAprendo y Cuido M\u00c1S\u201d, en escuelas primarias de Torre\u00f3n. Durante la jornada se reunieron docentes de distintas instituciones [&hellip;]<\/p>\n","protected":false},"author":1,"featured_media":25624,"comment_status":"open","ping_status":"open","sticky":false,"template":"","format":"standard","meta":{"_monsterinsights_skip_tracking":false,"_monsterinsights_sitenote_active":false,"_monsterinsights_sitenote_note":"","_monsterinsights_sitenote_category":0,"footnotes":""},"categories":[1],"tags":[],"_links":{"self":[{"href":"https:\/\/zonalimitrofe-cbnr.com\/index.php\/wp-json\/wp\/v2\/posts\/25623"}],"collection":[{"href":"https:\/\/zonalimitrofe-cbnr.com\/index.php\/wp-json\/wp\/v2\/posts"}],"about":[{"href":"https:\/\/zonalimitrofe-cbnr.com\/index.php\/wp-json\/wp\/v2\/types\/post"}],"author":[{"embeddable":true,"href":"https:\/\/zonalimitrofe-cbnr.com\/index.php\/wp-json\/wp\/v2\/users\/1"}],"replies":[{"embeddable":true,"href":"https:\/\/zonalimitrofe-cbnr.com\/index.php\/wp-json\/wp\/v2\/comments?post=25623"}],"version-history":[{"count":2,"href":"https:\/\/zonalimitrofe-cbnr.com\/index.php\/wp-json\/wp\/v2\/posts\/25623\/revisions"}],"predecessor-version":[{"id":25626,"href":"https:\/\/zonalimitrofe-cbnr.com\/index.php\/wp-json\/wp\/v2\/posts\/25623\/revisions\/25626"}],"wp:featuredmedia":[{"embeddable":true,"href":"https:\/\/zonalimitrofe-cbnr.com\/index.php\/wp-json\/wp\/v2\/media\/25624"}],"wp:attachment":[{"href":"https:\/\/zonalimitrofe-cbnr.com\/index.php\/wp-json\/wp\/v2\/media?parent=25623"}],"wp:term":[{"taxonomy":"category","embeddable":true,"href":"https:\/\/zonalimitrofe-cbnr.com\/index.php\/wp-json\/wp\/v2\/categories?post=25623"},{"taxonomy":"post_tag","embeddable":true,"href":"https:\/\/zonalimitrofe-cbnr.com\/index.php\/wp-json\/wp\/v2\/tags?post=25623"}],"curies":[{"name":"wp","href":"https:\/\/api.w.org\/{rel}","templated":true}]}}