{"id":25617,"date":"2025-09-27T17:09:32","date_gmt":"2025-09-27T23:09:32","guid":{"rendered":"https:\/\/zonalimitrofe-cbnr.com\/?p=25617"},"modified":"2025-09-27T17:09:32","modified_gmt":"2025-09-27T23:09:32","slug":"lerdo-la-presidenta-susy-carolina-torrecillas-salazar-tomo-protesta-a-la-junta-de-gobierno-y-directivos-del-dif-municipal","status":"publish","type":"post","link":"https:\/\/zonalimitrofe-cbnr.com\/index.php\/2025\/09\/27\/lerdo-la-presidenta-susy-carolina-torrecillas-salazar-tomo-protesta-a-la-junta-de-gobierno-y-directivos-del-dif-municipal\/","title":{"rendered":"#Lerdo. LA PRESIDENTA SUSY CAROLINA TORRECILLAS SALAZAR, TOM\u00d3 PROTESTA A LA JUNTA DE GOBIERNO Y DIRECTIVOS DEL DIF MUNICIPAL*"},"content":{"rendered":"\n<p>Lerdo, 27 de septiembre 2025.-La tarde del viernes se llev\u00f3 a cabo la instalaci\u00f3n de la Junta de Gobierno del DIF Municipal y de directores de cada una de las \u00e1reas que conforman dicho organismo en beneficio de las familias del municipio.<\/p>\n\n\n\n<p>Fue la Presidenta Municipal Susy Carolina Torrecillas Salazar, quien encabez\u00f3 la instalaci\u00f3n de la Junta de Gobierno del sistema DIF. En el primer punto del orden del d\u00eda se dio pase de lista para declaratoria del qu\u00f3rum siendo Rita Loza Covarrubias directora general del sistema DIF, Jos\u00e9 Alonzo Villalobos como Contralor Municipal, en Desarrollo Social Municipal Alejandra Escobedo,Instituto para el Desarrollo e Inclusion para la Discapacidad Karimme Caldera, y Roberto Favela director de Salud Municipal.<\/p>\n\n\n\n<p>En el siguiente punto del orden del d\u00eda y en cumplimiento a lo establecido en la ley de asistencia social y al reglamento interno del DIF, qued\u00f3 instalada la Junta de Gobierno.<\/p>\n\n\n\n<p>Quedando de la siguiente manera: Rita Loza, directora del DIF y secretaria t\u00e9cnica del organismo; Alonzo Villalobos, contralor Municipal Comisario de sistema del DIF, Alejandra Escobedo, Karimme Caldera y Roberto Favela como vocales del Sistema para el Desarrollo Integral de la Familia en Lerdo.<\/p>\n\n\n\n<p>En su intervenci\u00f3n como primera autoridad, la Presidenta Municipal dijo sentirse agradecida por encontrar un sistema DIF, renovado con personas comprometidas por ayudar a quienes m\u00e1s lo necesitan y menos tienen.<\/p>\n\n\n\n<p>\u201cApenas estamos empezando y quiero que con esta toma de protesta cada uno de ustedes asuman la responsabilidad que conlleva, porqu\u00e9 la gente de Lerdo espera recibir una buena atenci\u00f3n y recibir una soluci\u00f3n a sus necesidades\u201d recalc\u00f3 Torrecillas Salazar.<\/p>\n\n\n\n<p>El organigrama del sistema para el Desarrollo Integral de la Familia se instaura de la siguiente manera; Rita Irasema Loza Covarrubias, Directora general del DIF; Directora operativa, Josefina del Socorro Olmos; Desarrollo Comunitario Rural, Sayra Franciasca Alvarado; Atenci\u00f3n Ciudadana, Magdiel Navarro Carrera; Contralor\u00eda, David Garc\u00eda; Servicios Generales, Claudia Margarita Landeros; Salud, Roberto Carlos Calder\u00f3n; Desarrollo Familiar y Humano, Nubia Areli Jauregui; Adulto Mayor, Roc\u00edo Garc\u00eda Herrera; Discapacidad, Rosa Mar\u00eda S\u00e1nchez; Procuraduria del Menor, Elmer Saul Chavarria; Finanzas, Mar\u00eda Elena S\u00e1nchez P\u00e9rez; Comunicaci\u00f3n Social, Fernanda Guti\u00e9rrez.<\/p>\n\n\n\n<p>Expres\u00f3 que deber\u00e1 de existir una empatia al interior como al exterior de la dependencia y generar un trato amable a quienes cruzan la puerta del sistema DIF para buscar apoyo.<\/p>\n\n\n\n<p>Agreg\u00f3 que el sistema descentralizado contar\u00e1 con el recurso necesario para atender todas las \u00e1reas con las que cuenta el Sistema para el Desarrollo Integral de la Familia.<\/p>\n","protected":false},"excerpt":{"rendered":"<p>Lerdo, 27 de septiembre 2025.-La tarde del viernes se llev\u00f3 a cabo la instalaci\u00f3n de la Junta de Gobierno del DIF Municipal y de directores de cada una de las \u00e1reas que conforman dicho organismo en beneficio de las familias del municipio. Fue la Presidenta Municipal Susy Carolina Torrecillas Salazar, quien encabez\u00f3 la instalaci\u00f3n de [&hellip;]<\/p>\n","protected":false},"author":1,"featured_media":25618,"comment_status":"open","ping_status":"open","sticky":false,"template":"","format":"standard","meta":{"_monsterinsights_skip_tracking":false,"_monsterinsights_sitenote_active":false,"_monsterinsights_sitenote_note":"","_monsterinsights_sitenote_category":0,"footnotes":""},"categories":[1],"tags":[],"_links":{"self":[{"href":"https:\/\/zonalimitrofe-cbnr.com\/index.php\/wp-json\/wp\/v2\/posts\/25617"}],"collection":[{"href":"https:\/\/zonalimitrofe-cbnr.com\/index.php\/wp-json\/wp\/v2\/posts"}],"about":[{"href":"https:\/\/zonalimitrofe-cbnr.com\/index.php\/wp-json\/wp\/v2\/types\/post"}],"author":[{"embeddable":true,"href":"https:\/\/zonalimitrofe-cbnr.com\/index.php\/wp-json\/wp\/v2\/users\/1"}],"replies":[{"embeddable":true,"href":"https:\/\/zonalimitrofe-cbnr.com\/index.php\/wp-json\/wp\/v2\/comments?post=25617"}],"version-history":[{"count":1,"href":"https:\/\/zonalimitrofe-cbnr.com\/index.php\/wp-json\/wp\/v2\/posts\/25617\/revisions"}],"predecessor-version":[{"id":25619,"href":"https:\/\/zonalimitrofe-cbnr.com\/index.php\/wp-json\/wp\/v2\/posts\/25617\/revisions\/25619"}],"wp:featuredmedia":[{"embeddable":true,"href":"https:\/\/zonalimitrofe-cbnr.com\/index.php\/wp-json\/wp\/v2\/media\/25618"}],"wp:attachment":[{"href":"https:\/\/zonalimitrofe-cbnr.com\/index.php\/wp-json\/wp\/v2\/media?parent=25617"}],"wp:term":[{"taxonomy":"category","embeddable":true,"href":"https:\/\/zonalimitrofe-cbnr.com\/index.php\/wp-json\/wp\/v2\/categories?post=25617"},{"taxonomy":"post_tag","embeddable":true,"href":"https:\/\/zonalimitrofe-cbnr.com\/index.php\/wp-json\/wp\/v2\/tags?post=25617"}],"curies":[{"name":"wp","href":"https:\/\/api.w.org\/{rel}","templated":true}]}}