{"id":25606,"date":"2025-09-26T21:17:05","date_gmt":"2025-09-27T03:17:05","guid":{"rendered":"https:\/\/zonalimitrofe-cbnr.com\/?p=25606"},"modified":"2025-09-26T21:20:56","modified_gmt":"2025-09-27T03:20:56","slug":"torreon-proponen-la-campana-raices-de-conciencia-con-acciones-en-favor-del-medio-ambiente","status":"publish","type":"post","link":"https:\/\/zonalimitrofe-cbnr.com\/index.php\/2025\/09\/26\/torreon-proponen-la-campana-raices-de-conciencia-con-acciones-en-favor-del-medio-ambiente\/","title":{"rendered":"#Torre\u00f3n. Proponen la campa\u00f1a \u201cRa\u00edces de Conciencia\u201d con acciones en favor del medio ambiente"},"content":{"rendered":"\n<p><strong>Torre\u00f3n, Coahuila. A 26 de septiembre de 2025.- <\/strong>Como parte de las acciones en favor del entorno, este viernes se present\u00f3 en comisi\u00f3n el programa piloto de la campa\u00f1a \u201cRa\u00edces de Conciencia\u201d, que se pretende establecer dentro del plan de trabajo de la Direcci\u00f3n General de Medio Ambiente. La propuesta hecha por la regidora Ariana Neiroli Cervantes Zamarr\u00f3n, integrante de la Comisi\u00f3n de Medio Ambiente, forma parte de una campa\u00f1a municipal de concientizaci\u00f3n y reforestaci\u00f3n dirigida a estudiantes de primaria y secundaria, y tiene el objetivo de sensibilizar a los participantes sobre la responsabilidad ambiental, mediante actividades educativas y pr\u00e1cticas que fortalezcan la relaci\u00f3n con la naturaleza. Se\u00f1al\u00f3 que la campa\u00f1a se trata de una jornada de plantaci\u00f3n que adem\u00e1s incluir\u00e1 charlas, talleres formativos y espacios de reflexi\u00f3n sobre la importancia del cuidado del medio ambiente, y como un primer ejercicio, se implement\u00f3 en la Escuela Primaria Otilio E. Monta\u00f1o Destac\u00f3 que el Reglamento Sustentable y de Protecci\u00f3n al Medio Ambiente de Torre\u00f3n otorga al Municipio la facultad de propiciar el fortalecimiento de la conciencia ecol\u00f3gica. En la reuni\u00f3n estuvo presente Mart\u00edn Acosta Z\u00fa\u00f1iga, director de la Escuela Primaria Otilio E. Monta\u00f1o, quien se\u00f1al\u00f3 que en el plan piloto se cont\u00f3 con amplia participaci\u00f3n del personal del plantel, padres de familia y alumnos, conscientes de la importancia de sembrar \u00e1rboles para mejorar la calidad de vida, mitigar el calor y contribuir a la construcci\u00f3n de un Torre\u00f3n m\u00e1s sustentable. La propuesta fue presentada ante los regidores que integran la Comisi\u00f3n de Medio Ambiente, encabezada por el regidor Gabriel Francisco Pedro, e integrada por Roberto Bernal G\u00f3mez, Omar Morales Rodr\u00edguez, Dora Elia Salinas Dur\u00e1n y Ariana Neiroli Cervantes Zamarr\u00f3n.<\/p>\n","protected":false},"excerpt":{"rendered":"<p>Torre\u00f3n, Coahuila. A 26 de septiembre de 2025.- Como parte de las acciones en favor del entorno, este viernes se present\u00f3 en comisi\u00f3n el programa piloto de la campa\u00f1a \u201cRa\u00edces de Conciencia\u201d, que se pretende establecer dentro del plan de trabajo de la Direcci\u00f3n General de Medio Ambiente. La propuesta hecha por la regidora Ariana [&hellip;]<\/p>\n","protected":false},"author":1,"featured_media":25610,"comment_status":"open","ping_status":"open","sticky":false,"template":"","format":"standard","meta":{"_monsterinsights_skip_tracking":false,"_monsterinsights_sitenote_active":false,"_monsterinsights_sitenote_note":"","_monsterinsights_sitenote_category":0,"footnotes":""},"categories":[1],"tags":[],"_links":{"self":[{"href":"https:\/\/zonalimitrofe-cbnr.com\/index.php\/wp-json\/wp\/v2\/posts\/25606"}],"collection":[{"href":"https:\/\/zonalimitrofe-cbnr.com\/index.php\/wp-json\/wp\/v2\/posts"}],"about":[{"href":"https:\/\/zonalimitrofe-cbnr.com\/index.php\/wp-json\/wp\/v2\/types\/post"}],"author":[{"embeddable":true,"href":"https:\/\/zonalimitrofe-cbnr.com\/index.php\/wp-json\/wp\/v2\/users\/1"}],"replies":[{"embeddable":true,"href":"https:\/\/zonalimitrofe-cbnr.com\/index.php\/wp-json\/wp\/v2\/comments?post=25606"}],"version-history":[{"count":2,"href":"https:\/\/zonalimitrofe-cbnr.com\/index.php\/wp-json\/wp\/v2\/posts\/25606\/revisions"}],"predecessor-version":[{"id":25609,"href":"https:\/\/zonalimitrofe-cbnr.com\/index.php\/wp-json\/wp\/v2\/posts\/25606\/revisions\/25609"}],"wp:featuredmedia":[{"embeddable":true,"href":"https:\/\/zonalimitrofe-cbnr.com\/index.php\/wp-json\/wp\/v2\/media\/25610"}],"wp:attachment":[{"href":"https:\/\/zonalimitrofe-cbnr.com\/index.php\/wp-json\/wp\/v2\/media?parent=25606"}],"wp:term":[{"taxonomy":"category","embeddable":true,"href":"https:\/\/zonalimitrofe-cbnr.com\/index.php\/wp-json\/wp\/v2\/categories?post=25606"},{"taxonomy":"post_tag","embeddable":true,"href":"https:\/\/zonalimitrofe-cbnr.com\/index.php\/wp-json\/wp\/v2\/tags?post=25606"}],"curies":[{"name":"wp","href":"https:\/\/api.w.org\/{rel}","templated":true}]}}