{"id":25589,"date":"2025-09-26T20:41:38","date_gmt":"2025-09-27T02:41:38","guid":{"rendered":"https:\/\/zonalimitrofe-cbnr.com\/?p=25589"},"modified":"2025-09-26T20:41:38","modified_gmt":"2025-09-27T02:41:38","slug":"gp-gomez-palacio-se-suma-con-el-mural-el-corazon-de-la-esperanza-a-la-segunda-jornada-de-tequios-y-murales-por-la-paz","status":"publish","type":"post","link":"https:\/\/zonalimitrofe-cbnr.com\/index.php\/2025\/09\/26\/gp-gomez-palacio-se-suma-con-el-mural-el-corazon-de-la-esperanza-a-la-segunda-jornada-de-tequios-y-murales-por-la-paz\/","title":{"rendered":"#GP. G\u00f3mez Palacio se suma con el mural \u201cel Coraz\u00f3n de la Esperanza\u201d a la Segunda Jornada de Tequios y Murales por la Paz"},"content":{"rendered":"\n<p><br>*Entusiasta, la alcaldesa Betzab\u00e9 Mart\u00ednez se suma a j\u00f3venes en la transmisi\u00f3n m\u00faltiple que se hizo a La<br>Ma\u00f1anera, donde presentaron su trabajo a la Presidenta y pueblo de M\u00e9xico<br>G\u00f3mez Palacio y sus j\u00f3venes tuvieron una destacada participaci\u00f3n en el desarrollo de la Segunda Jornada de<br>Tequios y Murales por la Paz, convocada por el Gobierno de M\u00e9xico, actividad que se difundi\u00f3 este d\u00eda en La<br>Ma\u00f1anera, conferencia de prensa en la que la presidenta Claudia Sheinbaum hizo un amplio reconocimiento a<br>los miles de ni\u00f1os y j\u00f3venes de decenas de comunidades que, como la nuestra, se sumaron a esta actividad.<br>Consistente en la elaboraci\u00f3n de murales con leyendas e im\u00e1genes alusivas a la paz, en transmisi\u00f3n nacional se<br>present\u00f3 un mosaico en pantalla, con transmisiones en vivo y expresiones de apoyo a la transformaci\u00f3n del<br>entorno social hacia una convivencia pac\u00edfica con posibilidades de desarrollo para todos los que habitan en<br>M\u00e9xico.<br>Ah\u00ed estuvo tambi\u00e9n G\u00f3mez Palacio, con el apoyo decidido de la alcaldesa Betzab\u00e9 Mart\u00ednez Arango, quien<br>entusiasta estuvo presente en la transmisi\u00f3n local desde el mural que j\u00f3venes artistas pintaron bajo un puente,<br>en el bulevar Miguel Alem\u00e1n, intitulado \u201cEl Coraz\u00f3n de la Esperanza\u201d.<br>M\u00e9xico pinta por la Paz se denomin\u00f3 esta segunda Jornada Nacional de Tequios y Murales con la participaci\u00f3n<br>de 1.2 millones de j\u00f3venes en todo el pa\u00eds, acerca de la cual la Presidenta de la Rep\u00fablica dijo: \u201cTener actividades<br>colectivas ayuda a los j\u00f3venes a tener otras alternativas de vida, de compa\u00f1erismo, vinculados con la paz y evitar<br>cualquier acceso a alguna droga\u201d.<\/p>\n","protected":false},"excerpt":{"rendered":"<p>*Entusiasta, la alcaldesa Betzab\u00e9 Mart\u00ednez se suma a j\u00f3venes en la transmisi\u00f3n m\u00faltiple que se hizo a LaMa\u00f1anera, donde presentaron su trabajo a la Presidenta y pueblo de M\u00e9xicoG\u00f3mez Palacio y sus j\u00f3venes tuvieron una destacada participaci\u00f3n en el desarrollo de la Segunda Jornada deTequios y Murales por la Paz, convocada por el Gobierno de [&hellip;]<\/p>\n","protected":false},"author":1,"featured_media":25591,"comment_status":"open","ping_status":"open","sticky":false,"template":"","format":"standard","meta":{"_monsterinsights_skip_tracking":false,"_monsterinsights_sitenote_active":false,"_monsterinsights_sitenote_note":"","_monsterinsights_sitenote_category":0,"footnotes":""},"categories":[1],"tags":[],"_links":{"self":[{"href":"https:\/\/zonalimitrofe-cbnr.com\/index.php\/wp-json\/wp\/v2\/posts\/25589"}],"collection":[{"href":"https:\/\/zonalimitrofe-cbnr.com\/index.php\/wp-json\/wp\/v2\/posts"}],"about":[{"href":"https:\/\/zonalimitrofe-cbnr.com\/index.php\/wp-json\/wp\/v2\/types\/post"}],"author":[{"embeddable":true,"href":"https:\/\/zonalimitrofe-cbnr.com\/index.php\/wp-json\/wp\/v2\/users\/1"}],"replies":[{"embeddable":true,"href":"https:\/\/zonalimitrofe-cbnr.com\/index.php\/wp-json\/wp\/v2\/comments?post=25589"}],"version-history":[{"count":1,"href":"https:\/\/zonalimitrofe-cbnr.com\/index.php\/wp-json\/wp\/v2\/posts\/25589\/revisions"}],"predecessor-version":[{"id":25592,"href":"https:\/\/zonalimitrofe-cbnr.com\/index.php\/wp-json\/wp\/v2\/posts\/25589\/revisions\/25592"}],"wp:featuredmedia":[{"embeddable":true,"href":"https:\/\/zonalimitrofe-cbnr.com\/index.php\/wp-json\/wp\/v2\/media\/25591"}],"wp:attachment":[{"href":"https:\/\/zonalimitrofe-cbnr.com\/index.php\/wp-json\/wp\/v2\/media?parent=25589"}],"wp:term":[{"taxonomy":"category","embeddable":true,"href":"https:\/\/zonalimitrofe-cbnr.com\/index.php\/wp-json\/wp\/v2\/categories?post=25589"},{"taxonomy":"post_tag","embeddable":true,"href":"https:\/\/zonalimitrofe-cbnr.com\/index.php\/wp-json\/wp\/v2\/tags?post=25589"}],"curies":[{"name":"wp","href":"https:\/\/api.w.org\/{rel}","templated":true}]}}