{"id":25580,"date":"2025-09-26T20:13:37","date_gmt":"2025-09-27T02:13:37","guid":{"rendered":"https:\/\/zonalimitrofe-cbnr.com\/?p=25580"},"modified":"2025-09-26T20:13:37","modified_gmt":"2025-09-27T02:13:37","slug":"uadec-toma-protesta-para-segundo-periodo-directora-de-la-escuela-de-bachilleres-antonio-gutierrez-garza-de-la-uadec-unidad-norte","status":"publish","type":"post","link":"https:\/\/zonalimitrofe-cbnr.com\/index.php\/2025\/09\/26\/uadec-toma-protesta-para-segundo-periodo-directora-de-la-escuela-de-bachilleres-antonio-gutierrez-garza-de-la-uadec-unidad-norte\/","title":{"rendered":"#UAdeC. Toma Protesta para Segundo Periodo Directora de la Escuela de Bachilleres \u201cAntonio Guti\u00e9rrez Garza\u201d de la UAdeC Unidad Norte"},"content":{"rendered":"\n<p>ACU\u00d1A, Coahuila. 26 de septiembre de 2025. El rector de la Universidad Aut\u00f3noma de Coahuila, Octavio Pimentel Mart\u00ednez, tom\u00f3 protesta a la Mtra. Martha Patricia Balderas Morales, quien result\u00f3 reelecta para un segundo periodo como directora de la Escuela de Bachilleres \u201cAntonio Guti\u00e9rrez Garza\u201d (2025-2028).<\/p>\n\n\n\n<p>En el patio central de la Escuela, asisti\u00f3 el coordinador de la Unidad Norte, Luis Carlos Talamantes Arredondo, funcionariado universitario, integrantes del Consejo Directivo del plantel, comunidad docente y estudiantil e invitados especiales y directivos de Escuelas y Facultades de esa Unidad.<\/p>\n\n\n\n<p>En su mensaje el rector Octavio Pimentel Mart\u00ednez, destac\u00f3 que la continuidad en el cargo de la Mtra. Martha Patricia Balderas, refleja el consenso y respaldo de la comunidad acad\u00e9mica a una gesti\u00f3n caracterizada por la cercan\u00eda, los resultados y el liderazgo.<\/p>\n\n\n\n<p>Dirigi\u00e9ndose al alumnado, los exhort\u00f3 a aprovechar su paso por el bachillerato como un espacio de crecimiento personal y acad\u00e9mico, y a enfrentar con energ\u00eda, talento y compromiso los retos que plantea el pa\u00eds; a las y los docentes, les agradeci\u00f3 su vocaci\u00f3n y profesionalismo en una labor decisiva para el futuro de los j\u00f3venes.<\/p>\n\n\n\n<p>Pimentel Mart\u00ednez, dijo que la toma de protesta simboliza la renovaci\u00f3n de un compromiso colectivo de toda la comunidad del plantel para seguir trabajando unidos en favor de la juventud coahuilense, \u201cHoy en la \u201cAntonio Guti\u00e9rrez Garza\u201d, renovamos un compromiso colectivo, ya que somos parte de un mismo proyecto: una Universidad que trabaja todos los d\u00edas por la juventud coahuilense, por la sociedad que queremos y por un M\u00e9xico m\u00e1s justo, m\u00e1s educado, m\u00e1s humano.\u201d, se\u00f1al\u00f3. Por su parte, la directora Martha Patricia Balderas Morales, dijo que asumir nuevamente la direcci\u00f3n del plantel representa un honor y una gran responsabilidad, la cual asume con el compromiso de fortalecer la calidad acad\u00e9mica, la formaci\u00f3n integral de los estudiantes y el sentido social que distingue a la Universidad Aut\u00f3noma de Coahuila.<\/p>\n\n\n\n<p>Balderas Morales se\u00f1al\u00f3 que el Bachillerato es m\u00e1s que un espacio de ense\u00f1anza, ya que constituye un hogar de aprendizaje, valores y oportunidades, y refrend\u00f3 su compromiso con la instituci\u00f3n, con el plantel y principalmente con los estudiantes, quienes dijo, son la raz\u00f3n de ser de todos los esfuerzos.<\/p>\n\n\n\n<p>As\u00ed como asegur\u00f3 que, con respeto, responsabilidad y entusiasmo, inicia esta nueva etapa con la convicci\u00f3n de que, unidos, la comunidad consolidar\u00e1 a la \u201cAntonio Guti\u00e9rrez Garza\u201d como un referente de excelencia y orgullo para la UAdeC.<\/p>\n\n\n\n<p>Como parte de la ceremonia, el rector Octavio Pimentel Mart\u00ednez, llev\u00f3 a cabo la apertura oficial de la Biblioteca del plantel y un recorrido por las instalaciones<\/p>\n\n\n\n<p>deportivas, acciones que refuerzan el compromiso de brindar a las y los j\u00f3venes espacios adecuados para su formaci\u00f3n acad\u00e9mica, cultural y f\u00edsica.<\/p>\n","protected":false},"excerpt":{"rendered":"<p>ACU\u00d1A, Coahuila. 26 de septiembre de 2025. El rector de la Universidad Aut\u00f3noma de Coahuila, Octavio Pimentel Mart\u00ednez, tom\u00f3 protesta a la Mtra. Martha Patricia Balderas Morales, quien result\u00f3 reelecta para un segundo periodo como directora de la Escuela de Bachilleres \u201cAntonio Guti\u00e9rrez Garza\u201d (2025-2028). En el patio central de la Escuela, asisti\u00f3 el coordinador [&hellip;]<\/p>\n","protected":false},"author":1,"featured_media":25581,"comment_status":"open","ping_status":"open","sticky":false,"template":"","format":"standard","meta":{"_monsterinsights_skip_tracking":false,"_monsterinsights_sitenote_active":false,"_monsterinsights_sitenote_note":"","_monsterinsights_sitenote_category":0,"footnotes":""},"categories":[1],"tags":[],"_links":{"self":[{"href":"https:\/\/zonalimitrofe-cbnr.com\/index.php\/wp-json\/wp\/v2\/posts\/25580"}],"collection":[{"href":"https:\/\/zonalimitrofe-cbnr.com\/index.php\/wp-json\/wp\/v2\/posts"}],"about":[{"href":"https:\/\/zonalimitrofe-cbnr.com\/index.php\/wp-json\/wp\/v2\/types\/post"}],"author":[{"embeddable":true,"href":"https:\/\/zonalimitrofe-cbnr.com\/index.php\/wp-json\/wp\/v2\/users\/1"}],"replies":[{"embeddable":true,"href":"https:\/\/zonalimitrofe-cbnr.com\/index.php\/wp-json\/wp\/v2\/comments?post=25580"}],"version-history":[{"count":1,"href":"https:\/\/zonalimitrofe-cbnr.com\/index.php\/wp-json\/wp\/v2\/posts\/25580\/revisions"}],"predecessor-version":[{"id":25582,"href":"https:\/\/zonalimitrofe-cbnr.com\/index.php\/wp-json\/wp\/v2\/posts\/25580\/revisions\/25582"}],"wp:featuredmedia":[{"embeddable":true,"href":"https:\/\/zonalimitrofe-cbnr.com\/index.php\/wp-json\/wp\/v2\/media\/25581"}],"wp:attachment":[{"href":"https:\/\/zonalimitrofe-cbnr.com\/index.php\/wp-json\/wp\/v2\/media?parent=25580"}],"wp:term":[{"taxonomy":"category","embeddable":true,"href":"https:\/\/zonalimitrofe-cbnr.com\/index.php\/wp-json\/wp\/v2\/categories?post=25580"},{"taxonomy":"post_tag","embeddable":true,"href":"https:\/\/zonalimitrofe-cbnr.com\/index.php\/wp-json\/wp\/v2\/tags?post=25580"}],"curies":[{"name":"wp","href":"https:\/\/api.w.org\/{rel}","templated":true}]}}