{"id":25577,"date":"2025-09-26T20:11:20","date_gmt":"2025-09-27T02:11:20","guid":{"rendered":"https:\/\/zonalimitrofe-cbnr.com\/?p=25577"},"modified":"2025-09-26T20:11:20","modified_gmt":"2025-09-27T02:11:20","slug":"lerdo-crean-coordinacion-de-la-alerta-de-genero-en-lerdo","status":"publish","type":"post","link":"https:\/\/zonalimitrofe-cbnr.com\/index.php\/2025\/09\/26\/lerdo-crean-coordinacion-de-la-alerta-de-genero-en-lerdo\/","title":{"rendered":"#Lerdo. CREAN COORDINACI\u00d3N DE LA ALERTA DE G\u00c9NERO EN LERDO*"},"content":{"rendered":"\n<p>Lerdo, 26 de septiembre 2025.- La tarde del jueves, se llev\u00f3 a cabo la instalaci\u00f3n de la Junta Directiva del Instituto Municipal de la Mujer (IMM) Lerdo, en el Sal\u00f3n Azul de la Presidencia Municipal, y la creaci\u00f3n de la Coordinaci\u00f3n de la Alerta de G\u00e9nero.<\/p>\n\n\n\n<p>\u201cDe los diez municipios que estamos en alerta, somos el primero que hace esta coordinaci\u00f3n para que pueda trabajar todos los resolutivos de la alerta de g\u00e9nero\u201d declar\u00f3 la titular del IMM, Clara Mayra Cepeda Garc\u00eda.<\/p>\n\n\n\n<p>En esta primera sesi\u00f3n, en representaci\u00f3n de la Presidenta Municipal y Presidenta de la Junta Directiva Susy Carolina Torrecillas Salazar, el Secretario del Ayuntamiento y vicepresidente de la Junta, Aldo Rubio, tom\u00f3 protesta a la Lic. Clara Mayra Cepeda (directora del IMM) como secretaria; a la C. Valeria Klein (presidenta de la Comisi\u00f3n de la Mujer, Equidad y G\u00e9nero), Mtra. Esmirna Guti\u00e9rrez (secretaria de la Comisi\u00f3n de la Mujer, Equidad y G\u00e9nero), Lic. Loruhama Rivera, Lic. Ma. Idalia Espinoza, y Mtra. Nalleli Rosales como miembros de la Junta Directiva del Instituto Municipal de la Mujer de Lerdo.<\/p>\n\n\n\n<p>Se cont\u00f3 con la presencia de la representante legal de la organizaci\u00f3n YHVH JHANUN VERA JHUM (\u201cDios es clemente y misericordioso\u201d) A.C., Luc\u00eda Barbalena, y la directora y fundadora de MUSAS (Mujeres Solidarias en la Acci\u00f3n Social) A.C. Evangelina Vel\u00e1zquez, como Testigos de la Junta Directiva.<\/p>\n\n\n\n<p>En seguida se aprob\u00f3 el organigrama del Instituto de la Mujer y, posteriormente, se cre\u00f3 la coordinaci\u00f3n de Alerta de G\u00e9nero, tomando protesta a Michelle Estefan\u00eda Guti\u00e9rrez Garc\u00eda como coordinadora.<\/p>\n\n\n\n<p><em>00114<\/em><\/p>\n","protected":false},"excerpt":{"rendered":"<p>Lerdo, 26 de septiembre 2025.- La tarde del jueves, se llev\u00f3 a cabo la instalaci\u00f3n de la Junta Directiva del Instituto Municipal de la Mujer (IMM) Lerdo, en el Sal\u00f3n Azul de la Presidencia Municipal, y la creaci\u00f3n de la Coordinaci\u00f3n de la Alerta de G\u00e9nero. \u201cDe los diez municipios que estamos en alerta, somos [&hellip;]<\/p>\n","protected":false},"author":1,"featured_media":25578,"comment_status":"open","ping_status":"open","sticky":false,"template":"","format":"standard","meta":{"_monsterinsights_skip_tracking":false,"_monsterinsights_sitenote_active":false,"_monsterinsights_sitenote_note":"","_monsterinsights_sitenote_category":0,"footnotes":""},"categories":[1],"tags":[],"_links":{"self":[{"href":"https:\/\/zonalimitrofe-cbnr.com\/index.php\/wp-json\/wp\/v2\/posts\/25577"}],"collection":[{"href":"https:\/\/zonalimitrofe-cbnr.com\/index.php\/wp-json\/wp\/v2\/posts"}],"about":[{"href":"https:\/\/zonalimitrofe-cbnr.com\/index.php\/wp-json\/wp\/v2\/types\/post"}],"author":[{"embeddable":true,"href":"https:\/\/zonalimitrofe-cbnr.com\/index.php\/wp-json\/wp\/v2\/users\/1"}],"replies":[{"embeddable":true,"href":"https:\/\/zonalimitrofe-cbnr.com\/index.php\/wp-json\/wp\/v2\/comments?post=25577"}],"version-history":[{"count":1,"href":"https:\/\/zonalimitrofe-cbnr.com\/index.php\/wp-json\/wp\/v2\/posts\/25577\/revisions"}],"predecessor-version":[{"id":25579,"href":"https:\/\/zonalimitrofe-cbnr.com\/index.php\/wp-json\/wp\/v2\/posts\/25577\/revisions\/25579"}],"wp:featuredmedia":[{"embeddable":true,"href":"https:\/\/zonalimitrofe-cbnr.com\/index.php\/wp-json\/wp\/v2\/media\/25578"}],"wp:attachment":[{"href":"https:\/\/zonalimitrofe-cbnr.com\/index.php\/wp-json\/wp\/v2\/media?parent=25577"}],"wp:term":[{"taxonomy":"category","embeddable":true,"href":"https:\/\/zonalimitrofe-cbnr.com\/index.php\/wp-json\/wp\/v2\/categories?post=25577"},{"taxonomy":"post_tag","embeddable":true,"href":"https:\/\/zonalimitrofe-cbnr.com\/index.php\/wp-json\/wp\/v2\/tags?post=25577"}],"curies":[{"name":"wp","href":"https:\/\/api.w.org\/{rel}","templated":true}]}}