{"id":25571,"date":"2025-09-26T20:05:10","date_gmt":"2025-09-27T02:05:10","guid":{"rendered":"https:\/\/zonalimitrofe-cbnr.com\/?p=25571"},"modified":"2025-09-26T20:05:10","modified_gmt":"2025-09-27T02:05:10","slug":"coahuila-ratifican-dirigencia-del-pri-en-francisco-i-madero-con-gran-respaldo-de-la-militancia","status":"publish","type":"post","link":"https:\/\/zonalimitrofe-cbnr.com\/index.php\/2025\/09\/26\/coahuila-ratifican-dirigencia-del-pri-en-francisco-i-madero-con-gran-respaldo-de-la-militancia\/","title":{"rendered":"#Coahuila. Ratifican dirigencia del PRI en Francisco I. Madero con gran respaldo de la militancia"},"content":{"rendered":"\n<p>Francisco I. Madero, Coahuila, 25 de septiembre del 2025. \u2013 Con la fuerza y unidad que distingue al priismo lagunero, se llev\u00f3 a cabo la ratificaci\u00f3n del Comit\u00e9 Municipal del PRI en Francisco I. Madero, donde se reafirm\u00f3 el compromiso, la lealtad y la convicci\u00f3n de cientos de militantes que acudieron al llamado del partido, llenando el recinto con un \u00e1nimo inigualable, porras, vivas y un ambiente de fiesta que solo los priistas saben imprimir.<\/p>\n\n\n\n<p>La f\u00f3rmula ratificada qued\u00f3 conformada por Javier Sa\u00fal Gonz\u00e1lez Amador como presidente y Mar\u00eda Concepci\u00f3n V\u00e1zquez Crisp\u00edn como secretaria general, quienes asumen la encomienda de seguir fortaleciendo la presencia del PRI en el municipio, de la mano de la militancia, los sectores, organizaciones y liderazgos que conforman esta gran familia pol\u00edtica.<\/p>\n\n\n\n<p>Durante el evento, se cont\u00f3 con la presencia de ex presidentes del Comit\u00e9 Municipal, representantes de los sectores y organizaciones del partido, as\u00ed como l\u00edderes regionales y simpatizantes, en un acto que dej\u00f3 claro que el PRI en Francisco I. Madero est\u00e1 m\u00e1s vivo que nunca.<\/p>\n\n\n\n<p>En su mensaje, Carlos Robles Loustaunau, presidente del PRI en Coahuila, reconoci\u00f3 el liderazgo del Gobernador y primer priista de Coahuila, Manolo Jim\u00e9nez Salinas, a quien destac\u00f3 como un l\u00edder con visi\u00f3n y resultados:<\/p>\n\n\n\n<p>\u201cGracias a su liderazgo, la confianza en el PRI crece y el futuro de nuestras familias se fortalece\u201d, subray\u00f3.<\/p>\n\n\n\n<p>Tambi\u00e9n destac\u00f3 que Coahuila cuenta con las mejores estructuras pol\u00edticas del pa\u00eds, y que en municipios como Francisco I. Madero se tiene una militancia comprometida, con presencia en colonias, barrios y ejidos.<\/p>\n\n\n\n<p>\u201cA la nueva dirigencia le decimos que no est\u00e1n solos: cuentan con el respaldo de su militancia, de su partido y de una historia de triunfos\u201d, afirm\u00f3.<\/p>\n\n\n\n<p>En un emotivo llamado a la unidad, Robles Loustaunau convoc\u00f3 a la militancia a cerrar filas y a prepararse desde ahora para las contiendas por venir:<\/p>\n\n\n\n<p>\u201cVolvamos a demostrar que cuando el PRI est\u00e1 unido, no hay fuerza que lo detenga y no hay meta que no conquiste. El PRI de Francisco I. Madero no se dobla, no se rinde, y este 2026 saldr\u00e1 con todo a ganar con la fuerza de su militancia\u201d.<\/p>\n\n\n\n<p>Con eventos como este, el priismo de La Laguna reafirma que est\u00e1 listo para seguir construyendo, desde la base, los pr\u00f3ximos triunfos del partido.<\/p>\n","protected":false},"excerpt":{"rendered":"<p>Francisco I. Madero, Coahuila, 25 de septiembre del 2025. \u2013 Con la fuerza y unidad que distingue al priismo lagunero, se llev\u00f3 a cabo la ratificaci\u00f3n del Comit\u00e9 Municipal del PRI en Francisco I. Madero, donde se reafirm\u00f3 el compromiso, la lealtad y la convicci\u00f3n de cientos de militantes que acudieron al llamado del partido, [&hellip;]<\/p>\n","protected":false},"author":1,"featured_media":25572,"comment_status":"open","ping_status":"open","sticky":false,"template":"","format":"standard","meta":{"_monsterinsights_skip_tracking":false,"_monsterinsights_sitenote_active":false,"_monsterinsights_sitenote_note":"","_monsterinsights_sitenote_category":0,"footnotes":""},"categories":[1],"tags":[],"_links":{"self":[{"href":"https:\/\/zonalimitrofe-cbnr.com\/index.php\/wp-json\/wp\/v2\/posts\/25571"}],"collection":[{"href":"https:\/\/zonalimitrofe-cbnr.com\/index.php\/wp-json\/wp\/v2\/posts"}],"about":[{"href":"https:\/\/zonalimitrofe-cbnr.com\/index.php\/wp-json\/wp\/v2\/types\/post"}],"author":[{"embeddable":true,"href":"https:\/\/zonalimitrofe-cbnr.com\/index.php\/wp-json\/wp\/v2\/users\/1"}],"replies":[{"embeddable":true,"href":"https:\/\/zonalimitrofe-cbnr.com\/index.php\/wp-json\/wp\/v2\/comments?post=25571"}],"version-history":[{"count":1,"href":"https:\/\/zonalimitrofe-cbnr.com\/index.php\/wp-json\/wp\/v2\/posts\/25571\/revisions"}],"predecessor-version":[{"id":25573,"href":"https:\/\/zonalimitrofe-cbnr.com\/index.php\/wp-json\/wp\/v2\/posts\/25571\/revisions\/25573"}],"wp:featuredmedia":[{"embeddable":true,"href":"https:\/\/zonalimitrofe-cbnr.com\/index.php\/wp-json\/wp\/v2\/media\/25572"}],"wp:attachment":[{"href":"https:\/\/zonalimitrofe-cbnr.com\/index.php\/wp-json\/wp\/v2\/media?parent=25571"}],"wp:term":[{"taxonomy":"category","embeddable":true,"href":"https:\/\/zonalimitrofe-cbnr.com\/index.php\/wp-json\/wp\/v2\/categories?post=25571"},{"taxonomy":"post_tag","embeddable":true,"href":"https:\/\/zonalimitrofe-cbnr.com\/index.php\/wp-json\/wp\/v2\/tags?post=25571"}],"curies":[{"name":"wp","href":"https:\/\/api.w.org\/{rel}","templated":true}]}}