{"id":25556,"date":"2025-09-25T16:09:30","date_gmt":"2025-09-25T22:09:30","guid":{"rendered":"https:\/\/zonalimitrofe-cbnr.com\/?p=25556"},"modified":"2025-09-25T16:09:30","modified_gmt":"2025-09-25T22:09:30","slug":"lerdo-el-ayuntamiento-trabaja-en-lineamientos-para-poner-en-marcha-la-policia-ambiental-en-lerdo","status":"publish","type":"post","link":"https:\/\/zonalimitrofe-cbnr.com\/index.php\/2025\/09\/25\/lerdo-el-ayuntamiento-trabaja-en-lineamientos-para-poner-en-marcha-la-policia-ambiental-en-lerdo\/","title":{"rendered":"#Lerdo. EL AYUNTAMIENTO TRABAJA EN LINEAMIENTOS PARA PONER EN MARCHA LA POLIC\u00cdA AMBIENTAL EN LERDO*"},"content":{"rendered":"\n<p>Lerdo, 25 de septiembre 2025.- Este mi\u00e9rcoles, la Presidenta Municipal Susy Carolina Torrecillas Salazar, encabez\u00f3 una reuni\u00f3n m\u00e1s con el \u00c1rea Jur\u00eddica y directivos para dar forma y certeza a la nueva Polic\u00eda Ambiental de la ciudad.<\/p>\n\n\n\n<p>Con la presencia de la titular de Medio Ambiente, Diana Ponce; Erika Ram\u00edrez Vel\u00e1zquez, titular de la Polic\u00eda Ambiental, el Jur\u00eddico Eduardo Lara Urby; y Juan Jos\u00e9 Carrillo Aldaba, secretario t\u00e9cnico del Ayuntamiento; efectuaron un encuentro de trabajo para dar forma jur\u00eddicamente a la Polic\u00eda Ambiental.<\/p>\n\n\n\n<p>Con la implementaci\u00f3n de la Polic\u00eda Ambiental en el municipio, se pretende reducir la contaminaci\u00f3n en la ciudad y prevalecer una ciudad ordenada y limpia.<\/p>\n\n\n\n<p>Con ello, se busca atender reportes ciudadanos sobre problem\u00e1ticas ecol\u00f3gicas como la omisi\u00f3n de cuidados de mascotas, quema de residuos, tiraderos de escombro, o el derribo de \u00e1rboles sin permiso.<\/p>\n\n\n\n<p>Dentro del proyecto, se busca mantener vigilancia y control: supervisar el cumplimiento de las leyes y reglamentos en materia ambiental para prevenir actividades que afecten el ecosistema y los recursos naturales.<\/p>\n\n\n\n<p>Se prev\u00e9 que a mediados del mes de octubre pueda quedar sustentado el reglamento y se trabaje entre la ciudadan\u00eda la socializaci\u00f3n del reglamento a fin de reducir la contaminaci\u00f3n en la ciudad.<\/p>\n\n\n\n<p>\u00a1Por Lerdo Todo!<\/p>\n","protected":false},"excerpt":{"rendered":"<p>Lerdo, 25 de septiembre 2025.- Este mi\u00e9rcoles, la Presidenta Municipal Susy Carolina Torrecillas Salazar, encabez\u00f3 una reuni\u00f3n m\u00e1s con el \u00c1rea Jur\u00eddica y directivos para dar forma y certeza a la nueva Polic\u00eda Ambiental de la ciudad. Con la presencia de la titular de Medio Ambiente, Diana Ponce; Erika Ram\u00edrez Vel\u00e1zquez, titular de la Polic\u00eda [&hellip;]<\/p>\n","protected":false},"author":1,"featured_media":25557,"comment_status":"open","ping_status":"open","sticky":false,"template":"","format":"standard","meta":{"_monsterinsights_skip_tracking":false,"_monsterinsights_sitenote_active":false,"_monsterinsights_sitenote_note":"","_monsterinsights_sitenote_category":0,"footnotes":""},"categories":[1],"tags":[],"_links":{"self":[{"href":"https:\/\/zonalimitrofe-cbnr.com\/index.php\/wp-json\/wp\/v2\/posts\/25556"}],"collection":[{"href":"https:\/\/zonalimitrofe-cbnr.com\/index.php\/wp-json\/wp\/v2\/posts"}],"about":[{"href":"https:\/\/zonalimitrofe-cbnr.com\/index.php\/wp-json\/wp\/v2\/types\/post"}],"author":[{"embeddable":true,"href":"https:\/\/zonalimitrofe-cbnr.com\/index.php\/wp-json\/wp\/v2\/users\/1"}],"replies":[{"embeddable":true,"href":"https:\/\/zonalimitrofe-cbnr.com\/index.php\/wp-json\/wp\/v2\/comments?post=25556"}],"version-history":[{"count":1,"href":"https:\/\/zonalimitrofe-cbnr.com\/index.php\/wp-json\/wp\/v2\/posts\/25556\/revisions"}],"predecessor-version":[{"id":25558,"href":"https:\/\/zonalimitrofe-cbnr.com\/index.php\/wp-json\/wp\/v2\/posts\/25556\/revisions\/25558"}],"wp:featuredmedia":[{"embeddable":true,"href":"https:\/\/zonalimitrofe-cbnr.com\/index.php\/wp-json\/wp\/v2\/media\/25557"}],"wp:attachment":[{"href":"https:\/\/zonalimitrofe-cbnr.com\/index.php\/wp-json\/wp\/v2\/media?parent=25556"}],"wp:term":[{"taxonomy":"category","embeddable":true,"href":"https:\/\/zonalimitrofe-cbnr.com\/index.php\/wp-json\/wp\/v2\/categories?post=25556"},{"taxonomy":"post_tag","embeddable":true,"href":"https:\/\/zonalimitrofe-cbnr.com\/index.php\/wp-json\/wp\/v2\/tags?post=25556"}],"curies":[{"name":"wp","href":"https:\/\/api.w.org\/{rel}","templated":true}]}}