{"id":25538,"date":"2025-09-24T16:21:42","date_gmt":"2025-09-24T22:21:42","guid":{"rendered":"https:\/\/zonalimitrofe-cbnr.com\/?p=25538"},"modified":"2025-09-24T16:21:43","modified_gmt":"2025-09-24T22:21:43","slug":"lerdo-tu-fin-de-semana-en-lerdo-te-lleva-a-la-loma-este-domingo","status":"publish","type":"post","link":"https:\/\/zonalimitrofe-cbnr.com\/index.php\/2025\/09\/24\/lerdo-tu-fin-de-semana-en-lerdo-te-lleva-a-la-loma-este-domingo\/","title":{"rendered":"#Lerdo. \u2019TU FIN DE SEMANA EN LERDO\u2019 TE LLEVA A LA LOMA ESTE DOMINGO*"},"content":{"rendered":"\n<p>Lerdo, 24 de septiembre 2025.- La direcci\u00f3n de Turismo, a trav\u00e9s del programa \u201cTu Fin de Semana en Lerdo\u201d, invita a la ciudadan\u00eda a sumarse a los festejos conmemorativos del 112 aniversario de la Conformaci\u00f3n de la Divisi\u00f3n del Norte en Villa La Loma, este domingo 28 de septiembre.<\/p>\n\n\n\n<p>En esta nueva aventura, se invita a los ciudadanos y turistas a conocer la importancia de la Ex Hacienda La Loma, y la historia de c\u00f3mo Francisco Villa pas\u00f3 a ser elegido como General de la Divisi\u00f3n del Norte.<\/p>\n\n\n\n<p>Para apartar su lugar en este viaje, es necesario mandar un mensaje privado (inbox) al Facebook oficial \u201cTu fin de semana en Lerdo\u201d, o acudir directamente al Centro de Turismo, instalado en la Plazuela Benito Ju\u00e1rez, sobre la avenida Coronado (entre calles Morelos y L\u00f3pez Ray\u00f3n).<\/p>\n\n\n\n<p>En este nuevo tour se contar\u00e1 con la representaci\u00f3n Villista de grandes artistas Duranguenses, adem\u00e1s de una Kerm\u00e9s, con venta de comida hecha por gente de la comunidad. La salida ser\u00e1 desde la plazuela, a las 9:30 de la ma\u00f1ana, este domingo 28 de septiembre.<\/p>\n","protected":false},"excerpt":{"rendered":"<p>Lerdo, 24 de septiembre 2025.- La direcci\u00f3n de Turismo, a trav\u00e9s del programa \u201cTu Fin de Semana en Lerdo\u201d, invita a la ciudadan\u00eda a sumarse a los festejos conmemorativos del 112 aniversario de la Conformaci\u00f3n de la Divisi\u00f3n del Norte en Villa La Loma, este domingo 28 de septiembre. En esta nueva aventura, se invita [&hellip;]<\/p>\n","protected":false},"author":1,"featured_media":25539,"comment_status":"open","ping_status":"open","sticky":false,"template":"","format":"standard","meta":{"_monsterinsights_skip_tracking":false,"_monsterinsights_sitenote_active":false,"_monsterinsights_sitenote_note":"","_monsterinsights_sitenote_category":0,"footnotes":""},"categories":[1],"tags":[],"_links":{"self":[{"href":"https:\/\/zonalimitrofe-cbnr.com\/index.php\/wp-json\/wp\/v2\/posts\/25538"}],"collection":[{"href":"https:\/\/zonalimitrofe-cbnr.com\/index.php\/wp-json\/wp\/v2\/posts"}],"about":[{"href":"https:\/\/zonalimitrofe-cbnr.com\/index.php\/wp-json\/wp\/v2\/types\/post"}],"author":[{"embeddable":true,"href":"https:\/\/zonalimitrofe-cbnr.com\/index.php\/wp-json\/wp\/v2\/users\/1"}],"replies":[{"embeddable":true,"href":"https:\/\/zonalimitrofe-cbnr.com\/index.php\/wp-json\/wp\/v2\/comments?post=25538"}],"version-history":[{"count":1,"href":"https:\/\/zonalimitrofe-cbnr.com\/index.php\/wp-json\/wp\/v2\/posts\/25538\/revisions"}],"predecessor-version":[{"id":25540,"href":"https:\/\/zonalimitrofe-cbnr.com\/index.php\/wp-json\/wp\/v2\/posts\/25538\/revisions\/25540"}],"wp:featuredmedia":[{"embeddable":true,"href":"https:\/\/zonalimitrofe-cbnr.com\/index.php\/wp-json\/wp\/v2\/media\/25539"}],"wp:attachment":[{"href":"https:\/\/zonalimitrofe-cbnr.com\/index.php\/wp-json\/wp\/v2\/media?parent=25538"}],"wp:term":[{"taxonomy":"category","embeddable":true,"href":"https:\/\/zonalimitrofe-cbnr.com\/index.php\/wp-json\/wp\/v2\/categories?post=25538"},{"taxonomy":"post_tag","embeddable":true,"href":"https:\/\/zonalimitrofe-cbnr.com\/index.php\/wp-json\/wp\/v2\/tags?post=25538"}],"curies":[{"name":"wp","href":"https:\/\/api.w.org\/{rel}","templated":true}]}}